{"id":63417,"date":"2025-10-23T16:54:51","date_gmt":"2025-10-23T13:54:51","guid":{"rendered":"https:\/\/www.egemtv.com\/?p=63417"},"modified":"2025-10-23T16:54:52","modified_gmt":"2025-10-23T13:54:52","slug":"jandarmadan-sehit-annesine-vefa","status":"publish","type":"post","link":"https:\/\/www.egemtv.com\/?p=63417","title":{"rendered":"Jandarmadan \u015fehit annesine vefa"},"content":{"rendered":"<p>Ayd\u0131n \u0130l Jandarma Komutanl\u0131\u011f\u0131\u2019na ba\u011fl\u0131 Bozdo\u011fan Kemer Jandarma Karakol Komutanl\u0131\u011f\u0131 personeli, \u00c7aml\u0131dere Mahallesi\u2019nde ikamet eden \u015eehit \u00d6\u011fretmen Musa Sar\u0131sa\u00e7\u2019\u0131n annesi Selver Sar\u0131sa\u00e7\u2019\u0131 ziyaret etti.<\/p>\n<p>Ziyaret kapsam\u0131nda \u015fehit \u00f6\u011fretmenin kabrinin bak\u0131m\u0131 yap\u0131l\u0131rken, y\u0131pranan T\u00fcrk Bayra\u011f\u0131 yenisiyle de\u011fi\u015ftirildi. Jandarma personeli, ziyarette \u015fehit \u00f6\u011fretmeni rahmetle anarak, annesi Selver Sar\u0131sa\u00e7\u2019a her zaman yanlar\u0131nda olduklar\u0131n\u0131 ifade etti. \u015eehit annesinin istek ve ihtiya\u00e7lar\u0131 da dinlenirken, jandarma ekipleri vefa duygusunu bir kez daha g\u00f6sterdi. Ayd\u0131n \u0130l Jandarma Komutanl\u0131\u011f\u0131, \u015fehit ailelerinin her zaman yanlar\u0131nda olduklar\u0131n\u0131 ve onlar\u0131n emaneti olan vatan i\u00e7in ayn\u0131 azimle g\u00f6rev yapt\u0131klar\u0131n\u0131 vurgulad\u0131.<br \/><\/p>\n","protected":false},"excerpt":{"rendered":"<p>Ayd\u0131n \u0130l Jandarma Komutanl\u0131\u011f\u0131\u2019na ba\u011fl\u0131 Bozdo\u011fan Kemer Jandarma Karakol Komutanl\u0131\u011f\u0131 personeli, \u00c7aml\u0131dere Mahallesi\u2019nde ikamet eden \u015eehit \u00d6\u011fretmen Musa Sar\u0131sa\u00e7\u2019\u0131n annesi Selver Sar\u0131sa\u00e7\u2019\u0131 ziyaret etti. Ziyaret kapsam\u0131nda \u015fehit \u00f6\u011fretmenin kabrinin bak\u0131m\u0131 yap\u0131l\u0131rken, y\u0131pranan T\u00fcrk Bayra\u011f\u0131 yenisiyle de\u011fi\u015ftirildi. Jandarma personeli, ziyarette \u015fehit \u00f6\u011fretmeni rahmetle anarak, annesi Selver Sar\u0131sa\u00e7\u2019a her zaman yanlar\u0131nda olduklar\u0131n\u0131 ifade etti. \u015eehit annesinin istek&#8230;<\/p>\n","protected":false},"author":1,"featured_media":63418,"comment_status":"open","ping_status":"open","sticky":false,"template":"","format":"standard","meta":{"_crdt_document":"","footnotes":""},"categories":[1],"tags":[],"class_list":["post-63417","post","type-post","status-publish","format-standard","has-post-thumbnail","hentry","category-guncel"],"_links":{"self":[{"href":"https:\/\/www.egemtv.com\/index.php?rest_route=\/wp\/v2\/posts\/63417","targetHints":{"allow":["GET"]}}],"collection":[{"href":"https:\/\/www.egemtv.com\/index.php?rest_route=\/wp\/v2\/posts"}],"about":[{"href":"https:\/\/www.egemtv.com\/index.php?rest_route=\/wp\/v2\/types\/post"}],"author":[{"embeddable":true,"href":"https:\/\/www.egemtv.com\/index.php?rest_route=\/wp\/v2\/users\/1"}],"replies":[{"embeddable":true,"href":"https:\/\/www.egemtv.com\/index.php?rest_route=%2Fwp%2Fv2%2Fcomments&post=63417"}],"version-history":[{"count":1,"href":"https:\/\/www.egemtv.com\/index.php?rest_route=\/wp\/v2\/posts\/63417\/revisions"}],"predecessor-version":[{"id":63419,"href":"https:\/\/www.egemtv.com\/index.php?rest_route=\/wp\/v2\/posts\/63417\/revisions\/63419"}],"wp:featuredmedia":[{"embeddable":true,"href":"https:\/\/www.egemtv.com\/index.php?rest_route=\/wp\/v2\/media\/63418"}],"wp:attachment":[{"href":"https:\/\/www.egemtv.com\/index.php?rest_route=%2Fwp%2Fv2%2Fmedia&parent=63417"}],"wp:term":[{"taxonomy":"category","embeddable":true,"href":"https:\/\/www.egemtv.com\/index.php?rest_route=%2Fwp%2Fv2%2Fcategories&post=63417"},{"taxonomy":"post_tag","embeddable":true,"href":"https:\/\/www.egemtv.com\/index.php?rest_route=%2Fwp%2Fv2%2Ftags&post=63417"}],"curies":[{"name":"wp","href":"https:\/\/api.w.org\/{rel}","templated":true}]}}