{"id":63414,"date":"2025-10-23T16:54:49","date_gmt":"2025-10-23T13:54:49","guid":{"rendered":"https:\/\/www.egemtv.com\/?p=63414"},"modified":"2025-10-23T16:54:50","modified_gmt":"2025-10-23T13:54:50","slug":"arpadere-ilkokulunda-cumhuriyet-coskusu-yasandi","status":"publish","type":"post","link":"https:\/\/www.egemtv.com\/?p=63414","title":{"rendered":"Arpadere \u0130lkokulu\u2019nda Cumhuriyet co\u015fkusu ya\u015fand\u0131"},"content":{"rendered":"<p>Ayd\u0131n \u0130l Jandarma Komutanl\u0131\u011f\u0131 Aile \u0130\u00e7i \u015eiddetle M\u00fccadele ve \u00c7ocuk K\u0131s\u0131m Amirli\u011fi ile \u0130ncirliova \u0130l\u00e7e Jandarma Karakol Komutanl\u0131\u011f\u0131 personeli, Cumhuriyet\u2019in 102. y\u0131l\u0131 kutlama etkinlikleri kapsam\u0131nda Arpadere \u0130lkokulu\u2019nu ziyaret etti.<\/p>\n<p>\u0130ncirliova Arpadere \u0130lkokulu\u2019nda \u2019102 Y\u0131ld\u0131r Ayn\u0131 Bayrak Alt\u0131nda, Ayn\u0131 Gururla!\u2019 temas\u0131yla d\u00fczenlenen etkinlikte, jandarma personeli \u00f6\u011frencilerle birlikte s\u0131n\u0131f s\u00fcsleme \u00e7al\u0131\u015fmas\u0131 yapt\u0131. T\u00fcrk bayraklar\u0131yla okulun s\u00fcslenmesiyle miniklerin Cumhuriyet co\u015fkusu doru\u011fa \u00e7\u0131karken, milli birlik ve beraberlik duygular\u0131n\u0131n peki\u015fmesi sa\u011fland\u0131. Etkinlikte \u00f6\u011frencilere cumhuriyetin anlam\u0131, \u00f6nemi ve Gazi Mustafa Kemal Atat\u00fcrk\u2019\u00fcn \u00e7ocuklara verdi\u011fi de\u011fer anlat\u0131ld\u0131. Cumhuriyet bilincinin k\u00fc\u00e7\u00fck ya\u015fta kazand\u0131r\u0131lmas\u0131 amac\u0131yla yap\u0131lan etkinli\u011fin sonunda \u00f6\u011frencilere balon, bayrak ve boyama kitab\u0131 hediye edildi.<\/p>\n<p>Ayd\u0131n \u0130l Jandarma Komutanl\u0131\u011f\u0131 yetkilileri, gelece\u011fin teminat\u0131 \u00e7ocuklara milli de\u011ferleri aktarmak ve Cumhuriyet bilincini g\u00fc\u00e7lendirmek amac\u0131yla benzer etkinliklerin il genelinde s\u00fcrece\u011fini ifade etti.<br \/><\/p>\n","protected":false},"excerpt":{"rendered":"<p>Ayd\u0131n \u0130l Jandarma Komutanl\u0131\u011f\u0131 Aile \u0130\u00e7i \u015eiddetle M\u00fccadele ve \u00c7ocuk K\u0131s\u0131m Amirli\u011fi ile \u0130ncirliova \u0130l\u00e7e Jandarma Karakol Komutanl\u0131\u011f\u0131 personeli, Cumhuriyet\u2019in 102. y\u0131l\u0131 kutlama etkinlikleri kapsam\u0131nda Arpadere \u0130lkokulu\u2019nu ziyaret etti. \u0130ncirliova Arpadere \u0130lkokulu\u2019nda \u2019102 Y\u0131ld\u0131r Ayn\u0131 Bayrak Alt\u0131nda, Ayn\u0131 Gururla!\u2019 temas\u0131yla d\u00fczenlenen etkinlikte, jandarma personeli \u00f6\u011frencilerle birlikte s\u0131n\u0131f s\u00fcsleme \u00e7al\u0131\u015fmas\u0131 yapt\u0131. T\u00fcrk bayraklar\u0131yla okulun s\u00fcslenmesiyle miniklerin&#8230;<\/p>\n","protected":false},"author":1,"featured_media":63415,"comment_status":"open","ping_status":"open","sticky":false,"template":"","format":"standard","meta":{"_crdt_document":"","footnotes":""},"categories":[1],"tags":[],"class_list":["post-63414","post","type-post","status-publish","format-standard","has-post-thumbnail","hentry","category-guncel"],"_links":{"self":[{"href":"https:\/\/www.egemtv.com\/index.php?rest_route=\/wp\/v2\/posts\/63414","targetHints":{"allow":["GET"]}}],"collection":[{"href":"https:\/\/www.egemtv.com\/index.php?rest_route=\/wp\/v2\/posts"}],"about":[{"href":"https:\/\/www.egemtv.com\/index.php?rest_route=\/wp\/v2\/types\/post"}],"author":[{"embeddable":true,"href":"https:\/\/www.egemtv.com\/index.php?rest_route=\/wp\/v2\/users\/1"}],"replies":[{"embeddable":true,"href":"https:\/\/www.egemtv.com\/index.php?rest_route=%2Fwp%2Fv2%2Fcomments&post=63414"}],"version-history":[{"count":1,"href":"https:\/\/www.egemtv.com\/index.php?rest_route=\/wp\/v2\/posts\/63414\/revisions"}],"predecessor-version":[{"id":63416,"href":"https:\/\/www.egemtv.com\/index.php?rest_route=\/wp\/v2\/posts\/63414\/revisions\/63416"}],"wp:featuredmedia":[{"embeddable":true,"href":"https:\/\/www.egemtv.com\/index.php?rest_route=\/wp\/v2\/media\/63415"}],"wp:attachment":[{"href":"https:\/\/www.egemtv.com\/index.php?rest_route=%2Fwp%2Fv2%2Fmedia&parent=63414"}],"wp:term":[{"taxonomy":"category","embeddable":true,"href":"https:\/\/www.egemtv.com\/index.php?rest_route=%2Fwp%2Fv2%2Fcategories&post=63414"},{"taxonomy":"post_tag","embeddable":true,"href":"https:\/\/www.egemtv.com\/index.php?rest_route=%2Fwp%2Fv2%2Ftags&post=63414"}],"curies":[{"name":"wp","href":"https:\/\/api.w.org\/{rel}","templated":true}]}}