{"id":63408,"date":"2025-10-23T16:35:56","date_gmt":"2025-10-23T13:35:56","guid":{"rendered":"https:\/\/www.egemtv.com\/?p=63408"},"modified":"2025-10-23T16:35:57","modified_gmt":"2025-10-23T13:35:57","slug":"civril-belediyesi-ilcede-yasanilan-sap-hastaligi-icin-calismalarini-surduruyor","status":"publish","type":"post","link":"https:\/\/www.egemtv.com\/?p=63408","title":{"rendered":"\u00c7ivril Belediyesi il\u00e7ede ya\u015fan\u0131lan \u015fap hastal\u0131\u011f\u0131 i\u00e7in \u00e7al\u0131\u015fmalar\u0131n\u0131 s\u00fcrd\u00fcr\u00fcyor"},"content":{"rendered":"<p>\u00c7ivril Belediyesi, il\u00e7ede ya\u015fanan \u015fap hastal\u0131\u011f\u0131na kar\u015f\u0131 m\u00fccadeleleri h\u0131z kesmeden devam ediyor. Yap\u0131lan \u00e7al\u0131\u015fmalar\u0131n devam edece\u011fini belirten Ba\u015fkan Dere, &#8220;\u00c7ivril\u2019imizin her k\u00f6\u015fesinde hem\u015fehrilerimizin sa\u011fl\u0131kl\u0131 ve g\u00fcvenli bir ya\u015fam s\u00fcrmesi i\u00e7in t\u00fcm g\u00fcc\u00fcm\u00fczle \u00e7al\u0131\u015fmaya devam edece\u011fiz&#8221; dedi.<\/p>\n<p>Denizli\u2019nin \u00c7ivril il\u00e7esinde \u00c7ivril Belediyesi, ya\u015fan\u0131lan \u015fap hastal\u0131\u011f\u0131na kar\u015f\u0131 m\u00fccadelelerine kararl\u0131l\u0131kla s\u00fcrd\u00fcr\u00fcyor. \u00c7ivril Belediyesi, hastal\u0131ktan \u00f6len hayvanlar\u0131n g\u00f6m\u00fclme i\u015flemlerini b\u00fcy\u00fck bir titizlikle ger\u00e7ekle\u015ftirdi\u011fini, \u00e7evre ve halk sa\u011fl\u0131\u011f\u0131na korumak i\u00e7in \u00f6zveriyle \u00e7al\u0131\u015f\u0131yor. Gece g\u00fcnd\u00fcz \u00e7al\u0131\u015fmalar\u0131n devam etti\u011fini belirten \u00c7ivril Belediye Ba\u015fkan\u0131 Semih Dere, &#8220;\u00c7ivril\u2019imizin her k\u00f6\u015fesinde hem\u015fehrilerimizin sa\u011fl\u0131kl\u0131 ve g\u00fcvenli bir ya\u015fam s\u00fcrmesi i\u00e7in t\u00fcm g\u00fcc\u00fcm\u00fczle \u00e7al\u0131\u015fmaya devam edece\u011fiz&#8221; diye konu\u015ftu.<br \/><\/p>\n","protected":false},"excerpt":{"rendered":"<p>\u00c7ivril Belediyesi, il\u00e7ede ya\u015fanan \u015fap hastal\u0131\u011f\u0131na kar\u015f\u0131 m\u00fccadeleleri h\u0131z kesmeden devam ediyor. Yap\u0131lan \u00e7al\u0131\u015fmalar\u0131n devam edece\u011fini belirten Ba\u015fkan Dere, &#8220;\u00c7ivril\u2019imizin her k\u00f6\u015fesinde hem\u015fehrilerimizin sa\u011fl\u0131kl\u0131 ve g\u00fcvenli bir ya\u015fam s\u00fcrmesi i\u00e7in t\u00fcm g\u00fcc\u00fcm\u00fczle \u00e7al\u0131\u015fmaya devam edece\u011fiz&#8221; dedi. Denizli\u2019nin \u00c7ivril il\u00e7esinde \u00c7ivril Belediyesi, ya\u015fan\u0131lan \u015fap hastal\u0131\u011f\u0131na kar\u015f\u0131 m\u00fccadelelerine kararl\u0131l\u0131kla s\u00fcrd\u00fcr\u00fcyor. \u00c7ivril Belediyesi, hastal\u0131ktan \u00f6len hayvanlar\u0131n g\u00f6m\u00fclme i\u015flemlerini&#8230;<\/p>\n","protected":false},"author":1,"featured_media":63409,"comment_status":"open","ping_status":"open","sticky":false,"template":"","format":"standard","meta":{"_crdt_document":"","footnotes":""},"categories":[123],"tags":[],"class_list":["post-63408","post","type-post","status-publish","format-standard","has-post-thumbnail","hentry","category-gundem"],"_links":{"self":[{"href":"https:\/\/www.egemtv.com\/index.php?rest_route=\/wp\/v2\/posts\/63408","targetHints":{"allow":["GET"]}}],"collection":[{"href":"https:\/\/www.egemtv.com\/index.php?rest_route=\/wp\/v2\/posts"}],"about":[{"href":"https:\/\/www.egemtv.com\/index.php?rest_route=\/wp\/v2\/types\/post"}],"author":[{"embeddable":true,"href":"https:\/\/www.egemtv.com\/index.php?rest_route=\/wp\/v2\/users\/1"}],"replies":[{"embeddable":true,"href":"https:\/\/www.egemtv.com\/index.php?rest_route=%2Fwp%2Fv2%2Fcomments&post=63408"}],"version-history":[{"count":1,"href":"https:\/\/www.egemtv.com\/index.php?rest_route=\/wp\/v2\/posts\/63408\/revisions"}],"predecessor-version":[{"id":63410,"href":"https:\/\/www.egemtv.com\/index.php?rest_route=\/wp\/v2\/posts\/63408\/revisions\/63410"}],"wp:featuredmedia":[{"embeddable":true,"href":"https:\/\/www.egemtv.com\/index.php?rest_route=\/wp\/v2\/media\/63409"}],"wp:attachment":[{"href":"https:\/\/www.egemtv.com\/index.php?rest_route=%2Fwp%2Fv2%2Fmedia&parent=63408"}],"wp:term":[{"taxonomy":"category","embeddable":true,"href":"https:\/\/www.egemtv.com\/index.php?rest_route=%2Fwp%2Fv2%2Fcategories&post=63408"},{"taxonomy":"post_tag","embeddable":true,"href":"https:\/\/www.egemtv.com\/index.php?rest_route=%2Fwp%2Fv2%2Ftags&post=63408"}],"curies":[{"name":"wp","href":"https:\/\/api.w.org\/{rel}","templated":true}]}}