{"id":63405,"date":"2025-10-23T16:35:53","date_gmt":"2025-10-23T13:35:53","guid":{"rendered":"https:\/\/www.egemtv.com\/?p=63405"},"modified":"2025-10-23T16:35:55","modified_gmt":"2025-10-23T13:35:55","slug":"jandarma-ekiplerinden-ogrenci-guvenligi-ve-trafik-bilinci-denetimi","status":"publish","type":"post","link":"https:\/\/www.egemtv.com\/?p=63405","title":{"rendered":"Jandarma ekiplerinden \u00f6\u011frenci g\u00fcvenli\u011fi ve trafik bilinci denetimi"},"content":{"rendered":"<p>Ayd\u0131n \u0130l Jandarma Komutanl\u0131\u011f\u0131 Trafik Jandarmas\u0131 ekipleri, \u00f6\u011frencilerin g\u00fcvenli \u015fekilde okullar\u0131na gidip gelmeleri amac\u0131yla Ku\u015fadas\u0131 ve Karacasu il\u00e7elerinde okul \u00e7evrelerinde ve servis ara\u00e7lar\u0131nda denetim ger\u00e7ekle\u015ftirdi.<\/p>\n<p>\u00c7ocuklar\u0131n g\u00fcven ve huzur i\u00e7erisinde okula gitmelerini sa\u011flamak amac\u0131yla d\u00fczenlenen faaliyet kapsam\u0131nda, Ku\u015fadas\u0131 Selimeren \u0130lkokulu ve Ortaokulu\u2019nda, Karacasu il\u00e7esi Geyre ve Ataeymir mahallelerindeki ilkokul ve ortaokullarda jandarma ekipleri taraf\u0131ndan kontrol ve bilgilendirme \u00e7al\u0131\u015fmas\u0131 yap\u0131ld\u0131. Ekipler, okul binalar\u0131 ile \u00e7evresinde g\u00fcvenlik denetimi ger\u00e7ekle\u015ftirirken, \u00f6\u011frencileri ta\u015f\u0131yan servis ara\u00e7lar\u0131nda da kontroller yapt\u0131. Servis \u015fof\u00f6rleri ve \u00f6\u011frenciler, servis ara\u00e7lar\u0131nda uyulmas\u0131 gereken kurallar ve emniyet kemeri kullan\u0131m\u0131n\u0131n \u00f6nemi konusunda bilgilendirildi.<\/p>\n<p>Jandarma ekiplerinin \u00f6\u011frenci g\u00fcvenli\u011fine y\u00f6nelik \u00e7al\u0131\u015fmalar\u0131n\u0131n e\u011fitim \u00f6\u011fretim y\u0131l\u0131 boyunca devam edece\u011fi \u00f6\u011frenildi.<br \/><\/p>\n","protected":false},"excerpt":{"rendered":"<p>Ayd\u0131n \u0130l Jandarma Komutanl\u0131\u011f\u0131 Trafik Jandarmas\u0131 ekipleri, \u00f6\u011frencilerin g\u00fcvenli \u015fekilde okullar\u0131na gidip gelmeleri amac\u0131yla Ku\u015fadas\u0131 ve Karacasu il\u00e7elerinde okul \u00e7evrelerinde ve servis ara\u00e7lar\u0131nda denetim ger\u00e7ekle\u015ftirdi. \u00c7ocuklar\u0131n g\u00fcven ve huzur i\u00e7erisinde okula gitmelerini sa\u011flamak amac\u0131yla d\u00fczenlenen faaliyet kapsam\u0131nda, Ku\u015fadas\u0131 Selimeren \u0130lkokulu ve Ortaokulu\u2019nda, Karacasu il\u00e7esi Geyre ve Ataeymir mahallelerindeki ilkokul ve ortaokullarda jandarma ekipleri taraf\u0131ndan kontrol&#8230;<\/p>\n","protected":false},"author":1,"featured_media":63406,"comment_status":"open","ping_status":"open","sticky":false,"template":"","format":"standard","meta":{"_crdt_document":"","footnotes":""},"categories":[1],"tags":[],"class_list":["post-63405","post","type-post","status-publish","format-standard","has-post-thumbnail","hentry","category-guncel"],"_links":{"self":[{"href":"https:\/\/www.egemtv.com\/index.php?rest_route=\/wp\/v2\/posts\/63405","targetHints":{"allow":["GET"]}}],"collection":[{"href":"https:\/\/www.egemtv.com\/index.php?rest_route=\/wp\/v2\/posts"}],"about":[{"href":"https:\/\/www.egemtv.com\/index.php?rest_route=\/wp\/v2\/types\/post"}],"author":[{"embeddable":true,"href":"https:\/\/www.egemtv.com\/index.php?rest_route=\/wp\/v2\/users\/1"}],"replies":[{"embeddable":true,"href":"https:\/\/www.egemtv.com\/index.php?rest_route=%2Fwp%2Fv2%2Fcomments&post=63405"}],"version-history":[{"count":1,"href":"https:\/\/www.egemtv.com\/index.php?rest_route=\/wp\/v2\/posts\/63405\/revisions"}],"predecessor-version":[{"id":63407,"href":"https:\/\/www.egemtv.com\/index.php?rest_route=\/wp\/v2\/posts\/63405\/revisions\/63407"}],"wp:featuredmedia":[{"embeddable":true,"href":"https:\/\/www.egemtv.com\/index.php?rest_route=\/wp\/v2\/media\/63406"}],"wp:attachment":[{"href":"https:\/\/www.egemtv.com\/index.php?rest_route=%2Fwp%2Fv2%2Fmedia&parent=63405"}],"wp:term":[{"taxonomy":"category","embeddable":true,"href":"https:\/\/www.egemtv.com\/index.php?rest_route=%2Fwp%2Fv2%2Fcategories&post=63405"},{"taxonomy":"post_tag","embeddable":true,"href":"https:\/\/www.egemtv.com\/index.php?rest_route=%2Fwp%2Fv2%2Ftags&post=63405"}],"curies":[{"name":"wp","href":"https:\/\/api.w.org\/{rel}","templated":true}]}}