{"id":63402,"date":"2025-10-23T16:35:51","date_gmt":"2025-10-23T13:35:51","guid":{"rendered":"https:\/\/www.egemtv.com\/?p=63402"},"modified":"2025-10-23T16:35:52","modified_gmt":"2025-10-23T13:35:52","slug":"bozdoganda-hirsizlik-sucundan-aranan-sahis-yakalandi","status":"publish","type":"post","link":"https:\/\/www.egemtv.com\/?p=63402","title":{"rendered":"Bozdo\u011fan\u2019da h\u0131rs\u0131zl\u0131k su\u00e7undan aranan \u015fah\u0131s yakaland\u0131"},"content":{"rendered":"<p>Ayd\u0131n\u2019\u0131n Bozdo\u011fan il\u00e7esinde jandarma ekiplerince ger\u00e7ekle\u015ftirilen \u00e7al\u0131\u015fmalarda, \u2019bina i\u00e7inde muhafaza alt\u0131na al\u0131nm\u0131\u015f olan e\u015fya hakk\u0131nda h\u0131rs\u0131zl\u0131k\u2019 su\u00e7undan arand\u0131\u011f\u0131 belirlenen 1 ki\u015fi yakaland\u0131.<\/p>\n<p>Edinilen bilgiye g\u00f6re, Bozdo\u011fan \u0130l\u00e7e Jandarma Komutanl\u0131\u011f\u0131 ekiplerince yap\u0131lan \u00e7al\u0131\u015fmalarda hakk\u0131nda yakalama karar\u0131 bulunan \u015f\u00fcpheli, d\u00fczenlenen operasyonla k\u0131sk\u0131vrak yakaland\u0131. Yap\u0131lan sorgulamada, \u015fahs\u0131n s\u00f6z konusu su\u00e7tan aranma kayd\u0131n\u0131n bulundu\u011fu ve 4 y\u0131l 2 ay kesinle\u015fmi\u015f hapis cezas\u0131n\u0131n oldu\u011fu tespit edildi. Yakalanan \u015fah\u0131s, i\u015flemlerinin ard\u0131ndan Nazilli E Tipi Kapal\u0131 Ceza \u0130nfaz Kurumu\u2019na teslim edildi.<br \/><\/p>\n","protected":false},"excerpt":{"rendered":"<p>Ayd\u0131n\u2019\u0131n Bozdo\u011fan il\u00e7esinde jandarma ekiplerince ger\u00e7ekle\u015ftirilen \u00e7al\u0131\u015fmalarda, \u2019bina i\u00e7inde muhafaza alt\u0131na al\u0131nm\u0131\u015f olan e\u015fya hakk\u0131nda h\u0131rs\u0131zl\u0131k\u2019 su\u00e7undan arand\u0131\u011f\u0131 belirlenen 1 ki\u015fi yakaland\u0131. Edinilen bilgiye g\u00f6re, Bozdo\u011fan \u0130l\u00e7e Jandarma Komutanl\u0131\u011f\u0131 ekiplerince yap\u0131lan \u00e7al\u0131\u015fmalarda hakk\u0131nda yakalama karar\u0131 bulunan \u015f\u00fcpheli, d\u00fczenlenen operasyonla k\u0131sk\u0131vrak yakaland\u0131. Yap\u0131lan sorgulamada, \u015fahs\u0131n s\u00f6z konusu su\u00e7tan aranma kayd\u0131n\u0131n bulundu\u011fu ve 4 y\u0131l 2 ay&#8230;<\/p>\n","protected":false},"author":1,"featured_media":63403,"comment_status":"open","ping_status":"open","sticky":false,"template":"","format":"standard","meta":{"_crdt_document":"","footnotes":""},"categories":[5],"tags":[],"class_list":["post-63402","post","type-post","status-publish","format-standard","has-post-thumbnail","hentry","category-asayis"],"_links":{"self":[{"href":"https:\/\/www.egemtv.com\/index.php?rest_route=\/wp\/v2\/posts\/63402","targetHints":{"allow":["GET"]}}],"collection":[{"href":"https:\/\/www.egemtv.com\/index.php?rest_route=\/wp\/v2\/posts"}],"about":[{"href":"https:\/\/www.egemtv.com\/index.php?rest_route=\/wp\/v2\/types\/post"}],"author":[{"embeddable":true,"href":"https:\/\/www.egemtv.com\/index.php?rest_route=\/wp\/v2\/users\/1"}],"replies":[{"embeddable":true,"href":"https:\/\/www.egemtv.com\/index.php?rest_route=%2Fwp%2Fv2%2Fcomments&post=63402"}],"version-history":[{"count":1,"href":"https:\/\/www.egemtv.com\/index.php?rest_route=\/wp\/v2\/posts\/63402\/revisions"}],"predecessor-version":[{"id":63404,"href":"https:\/\/www.egemtv.com\/index.php?rest_route=\/wp\/v2\/posts\/63402\/revisions\/63404"}],"wp:featuredmedia":[{"embeddable":true,"href":"https:\/\/www.egemtv.com\/index.php?rest_route=\/wp\/v2\/media\/63403"}],"wp:attachment":[{"href":"https:\/\/www.egemtv.com\/index.php?rest_route=%2Fwp%2Fv2%2Fmedia&parent=63402"}],"wp:term":[{"taxonomy":"category","embeddable":true,"href":"https:\/\/www.egemtv.com\/index.php?rest_route=%2Fwp%2Fv2%2Fcategories&post=63402"},{"taxonomy":"post_tag","embeddable":true,"href":"https:\/\/www.egemtv.com\/index.php?rest_route=%2Fwp%2Fv2%2Ftags&post=63402"}],"curies":[{"name":"wp","href":"https:\/\/api.w.org\/{rel}","templated":true}]}}