{"id":63399,"date":"2025-10-23T16:15:08","date_gmt":"2025-10-23T13:15:08","guid":{"rendered":"https:\/\/www.egemtv.com\/?p=63399"},"modified":"2025-10-23T16:15:10","modified_gmt":"2025-10-23T13:15:10","slug":"soke-1970-skden-destek-arayisi","status":"publish","type":"post","link":"https:\/\/www.egemtv.com\/?p=63399","title":{"rendered":"S\u00f6ke 1970 SK\u2019den destek aray\u0131\u015f\u0131"},"content":{"rendered":"<p>TFF 3. Lig\u2019de nama\u011flup yoluna devam eden S\u00f6ke 1970 Spor Kul\u00fcb\u00fc, S\u00f6ke\u2019yi ba\u015far\u0131yla temsil etmeyi s\u00fcrd\u00fcr\u00fcrken; kurum ve kurulu\u015f ziyaretleriyle de destek aray\u0131\u015f\u0131n\u0131 s\u00fcrd\u00fcr\u00fcyor.<\/p>\n<p>Kul\u00fcp Ba\u015fkan\u0131 Mahmut A\u00e7\u0131kg\u00f6z, beraberinde S\u00f6ke Belediye Ba\u015fkan Vekili \u015eakir G\u00fclmez ve S\u00f6ke Belediye Ba\u015fkan Yard\u0131mc\u0131s\u0131 Ahmet Evin, Sportif Direkt\u00f6r Serdar Sabuncu ile birlikte bir dizi ziyarette bulundu. Ziyaret kapsam\u0131nda S\u00f6ke \u0130l\u00e7e Kaymakam\u0131 Ali Ak\u00e7a, S\u00f6ke Garnizon Komutan\u0131 Top\u00e7u Albay Ozan Y\u0131lmaz, Ayd\u0131n \u0130l Emniyet M\u00fcd\u00fcr Yard\u0131mc\u0131s\u0131 Fatih Demiralp, S\u00f6ke \u0130l\u00e7e Emniyet M\u00fcd\u00fcr\u00fc Fatih \u00c7etinkaya, S\u00f6ke \u0130l\u00e7e Jandarma Komutan\u0131 \u00dcste\u011fmen Fatih Fo\u00e7ular ve S\u00f6ke Ticaret Borsas\u0131 Y\u00f6netim Kurulu Ba\u015fkan\u0131 Nejat Sa\u011fel makamlar\u0131nda ziyaret edildi.<\/p>\n<p>Ziyaretlerde, kul\u00fcb\u00fcn ligdeki ba\u015far\u0131l\u0131 gidi\u015fat\u0131 ve S\u00f6ke\u2019yi temsil eden bir spor kul\u00fcb\u00fc olarak daha geni\u015f bir destek a\u011f\u0131 olu\u015fturma hedefi ele al\u0131nd\u0131.<\/p>\n<p>Kul\u00fcp Ba\u015fkan\u0131 Mahmut A\u00e7\u0131kg\u00f6z, \u00f6n\u00fcm\u00fczdeki d\u00f6nemde S\u00f6ke\u2019nin temel ta\u015f\u0131 kurum ve kurulu\u015flar\u0131yla daha s\u0131k bir araya geleceklerini belirterek, &#8220;Maddi destek kadar manevi destek, seyirci deste\u011fi ve il\u00e7emizi temsil eden kul\u00fcb\u00fcn sahiplenilmesi de bizim i\u00e7in \u00e7ok \u00f6nemli. S\u00f6ke\u2019nin g\u00fcc\u00fcn\u00fc arkam\u0131zda hissetmek istiyoruz&#8221; dedi.<\/p>\n<p>S\u00f6ke 1970 SK, ligdeki ba\u015far\u0131l\u0131 performans\u0131n\u0131 s\u00fcrd\u00fcr\u00fcrken, kentin deste\u011fini arkas\u0131na alarak hedeflerine emin ad\u0131mlarla ilerlemeyi ama\u00e7l\u0131yor.<br \/><\/p>\n","protected":false},"excerpt":{"rendered":"<p>TFF 3. Lig\u2019de nama\u011flup yoluna devam eden S\u00f6ke 1970 Spor Kul\u00fcb\u00fc, S\u00f6ke\u2019yi ba\u015far\u0131yla temsil etmeyi s\u00fcrd\u00fcr\u00fcrken; kurum ve kurulu\u015f ziyaretleriyle de destek aray\u0131\u015f\u0131n\u0131 s\u00fcrd\u00fcr\u00fcyor. Kul\u00fcp Ba\u015fkan\u0131 Mahmut A\u00e7\u0131kg\u00f6z, beraberinde S\u00f6ke Belediye Ba\u015fkan Vekili \u015eakir G\u00fclmez ve S\u00f6ke Belediye Ba\u015fkan Yard\u0131mc\u0131s\u0131 Ahmet Evin, Sportif Direkt\u00f6r Serdar Sabuncu ile birlikte bir dizi ziyarette bulundu. Ziyaret kapsam\u0131nda S\u00f6ke&#8230;<\/p>\n","protected":false},"author":1,"featured_media":63400,"comment_status":"open","ping_status":"open","sticky":false,"template":"","format":"standard","meta":{"_crdt_document":"","footnotes":""},"categories":[4],"tags":[],"class_list":["post-63399","post","type-post","status-publish","format-standard","has-post-thumbnail","hentry","category-spor"],"_links":{"self":[{"href":"https:\/\/www.egemtv.com\/index.php?rest_route=\/wp\/v2\/posts\/63399","targetHints":{"allow":["GET"]}}],"collection":[{"href":"https:\/\/www.egemtv.com\/index.php?rest_route=\/wp\/v2\/posts"}],"about":[{"href":"https:\/\/www.egemtv.com\/index.php?rest_route=\/wp\/v2\/types\/post"}],"author":[{"embeddable":true,"href":"https:\/\/www.egemtv.com\/index.php?rest_route=\/wp\/v2\/users\/1"}],"replies":[{"embeddable":true,"href":"https:\/\/www.egemtv.com\/index.php?rest_route=%2Fwp%2Fv2%2Fcomments&post=63399"}],"version-history":[{"count":1,"href":"https:\/\/www.egemtv.com\/index.php?rest_route=\/wp\/v2\/posts\/63399\/revisions"}],"predecessor-version":[{"id":63401,"href":"https:\/\/www.egemtv.com\/index.php?rest_route=\/wp\/v2\/posts\/63399\/revisions\/63401"}],"wp:featuredmedia":[{"embeddable":true,"href":"https:\/\/www.egemtv.com\/index.php?rest_route=\/wp\/v2\/media\/63400"}],"wp:attachment":[{"href":"https:\/\/www.egemtv.com\/index.php?rest_route=%2Fwp%2Fv2%2Fmedia&parent=63399"}],"wp:term":[{"taxonomy":"category","embeddable":true,"href":"https:\/\/www.egemtv.com\/index.php?rest_route=%2Fwp%2Fv2%2Fcategories&post=63399"},{"taxonomy":"post_tag","embeddable":true,"href":"https:\/\/www.egemtv.com\/index.php?rest_route=%2Fwp%2Fv2%2Ftags&post=63399"}],"curies":[{"name":"wp","href":"https:\/\/api.w.org\/{rel}","templated":true}]}}