{"id":63396,"date":"2025-10-23T16:15:06","date_gmt":"2025-10-23T13:15:06","guid":{"rendered":"https:\/\/www.egemtv.com\/?p=63396"},"modified":"2025-10-23T16:15:07","modified_gmt":"2025-10-23T13:15:07","slug":"meb-akub-mugla-ekibi-akreditasyon-tatbikatini-basariyla-tamamladi","status":"publish","type":"post","link":"https:\/\/www.egemtv.com\/?p=63396","title":{"rendered":"MEB AKUB Mu\u011fla ekibi akreditasyon tatbikat\u0131n\u0131 ba\u015far\u0131yla tamamlad\u0131"},"content":{"rendered":"<p>Milli E\u011fitim Bakanl\u0131\u011f\u0131 Arama Kurtarma Birimi (MEB AKUB) Mu\u011fla ekibi son d\u00f6nemde ger\u00e7ekle\u015ftirilen ve AFAD koordinasyonunda y\u00fcr\u00fct\u00fclen Hafif Seviye Kentsel Arama ve Kurtarma alan\u0131ndaki akreditasyon s\u0131nav tatbikat\u0131n\u0131 ba\u015far\u0131yla tamamlad\u0131.<\/p>\n<p>AFAD\u2019\u0131n belirledi\u011fi kriterler do\u011frultusunda d\u00fczenlenen tatbikatta ekipler, senaryo gere\u011fi olu\u015fturulan enkaz alan\u0131nda arama, kurtarma, ilk yard\u0131m ve tahliye \u00e7al\u0131\u015fmalar\u0131n\u0131 uluslararas\u0131 standartlara uygun bi\u00e7imde ger\u00e7ekle\u015ftirdi. Enkaz alt\u0131ndakilerin tespit edilmesi, kurtarma tekniklerinin uygulanmas\u0131 ve g\u00fcvenli tahliye a\u015famalar\u0131 ba\u015far\u0131yla tamamlanarak, ekibin afet an\u0131nda m\u00fcdahale yeterlili\u011fi test edildi. Tatbikat\u0131 ba\u015far\u0131yla ge\u00e7en MEB AKUB Mu\u011fla ekibi, bu sonu\u00e7la afetlerde g\u00f6rev alabilecek d\u00fczeyde akredite edildi. \u00d6\u011fretmen ve MEB personellerinden olu\u015fan g\u00f6n\u00fcll\u00fc ekip, hem teknik donan\u0131m\u0131 hem de koordinasyon becerisiyle dikkat \u00e7ekti. Akreditasyonun tamamlanmas\u0131yla birlikte MEB AKUB Mu\u011fla ekibinin afet durumlar\u0131nda daha etkin ve organize \u015fekilde g\u00f6rev almas\u0131n\u0131n \u00f6n\u00fc a\u00e7\u0131l\u0131rken, kentin afet haz\u0131rl\u0131k kapasitesine de \u00f6nemli katk\u0131 sa\u011flad\u0131.<br \/><\/p>\n","protected":false},"excerpt":{"rendered":"<p>Milli E\u011fitim Bakanl\u0131\u011f\u0131 Arama Kurtarma Birimi (MEB AKUB) Mu\u011fla ekibi son d\u00f6nemde ger\u00e7ekle\u015ftirilen ve AFAD koordinasyonunda y\u00fcr\u00fct\u00fclen Hafif Seviye Kentsel Arama ve Kurtarma alan\u0131ndaki akreditasyon s\u0131nav tatbikat\u0131n\u0131 ba\u015far\u0131yla tamamlad\u0131. AFAD\u2019\u0131n belirledi\u011fi kriterler do\u011frultusunda d\u00fczenlenen tatbikatta ekipler, senaryo gere\u011fi olu\u015fturulan enkaz alan\u0131nda arama, kurtarma, ilk yard\u0131m ve tahliye \u00e7al\u0131\u015fmalar\u0131n\u0131 uluslararas\u0131 standartlara uygun bi\u00e7imde ger\u00e7ekle\u015ftirdi. Enkaz alt\u0131ndakilerin&#8230;<\/p>\n","protected":false},"author":1,"featured_media":63397,"comment_status":"open","ping_status":"open","sticky":false,"template":"","format":"standard","meta":{"_crdt_document":"","footnotes":""},"categories":[1],"tags":[],"class_list":["post-63396","post","type-post","status-publish","format-standard","has-post-thumbnail","hentry","category-guncel"],"_links":{"self":[{"href":"https:\/\/www.egemtv.com\/index.php?rest_route=\/wp\/v2\/posts\/63396","targetHints":{"allow":["GET"]}}],"collection":[{"href":"https:\/\/www.egemtv.com\/index.php?rest_route=\/wp\/v2\/posts"}],"about":[{"href":"https:\/\/www.egemtv.com\/index.php?rest_route=\/wp\/v2\/types\/post"}],"author":[{"embeddable":true,"href":"https:\/\/www.egemtv.com\/index.php?rest_route=\/wp\/v2\/users\/1"}],"replies":[{"embeddable":true,"href":"https:\/\/www.egemtv.com\/index.php?rest_route=%2Fwp%2Fv2%2Fcomments&post=63396"}],"version-history":[{"count":1,"href":"https:\/\/www.egemtv.com\/index.php?rest_route=\/wp\/v2\/posts\/63396\/revisions"}],"predecessor-version":[{"id":63398,"href":"https:\/\/www.egemtv.com\/index.php?rest_route=\/wp\/v2\/posts\/63396\/revisions\/63398"}],"wp:featuredmedia":[{"embeddable":true,"href":"https:\/\/www.egemtv.com\/index.php?rest_route=\/wp\/v2\/media\/63397"}],"wp:attachment":[{"href":"https:\/\/www.egemtv.com\/index.php?rest_route=%2Fwp%2Fv2%2Fmedia&parent=63396"}],"wp:term":[{"taxonomy":"category","embeddable":true,"href":"https:\/\/www.egemtv.com\/index.php?rest_route=%2Fwp%2Fv2%2Fcategories&post=63396"},{"taxonomy":"post_tag","embeddable":true,"href":"https:\/\/www.egemtv.com\/index.php?rest_route=%2Fwp%2Fv2%2Ftags&post=63396"}],"curies":[{"name":"wp","href":"https:\/\/api.w.org\/{rel}","templated":true}]}}