{"id":63393,"date":"2025-10-23T16:15:01","date_gmt":"2025-10-23T13:15:01","guid":{"rendered":"https:\/\/www.egemtv.com\/?p=63393"},"modified":"2025-10-23T16:15:04","modified_gmt":"2025-10-23T13:15:04","slug":"bodrumda-unlu-sanatci-cumhuriyet-konserinde-sahne-alacak","status":"publish","type":"post","link":"https:\/\/www.egemtv.com\/?p=63393","title":{"rendered":"Bodrum\u2019da \u00fcnl\u00fc sanat\u00e7\u0131 Cumhuriyet konserinde sahne alacak"},"content":{"rendered":"<p>29 Ekim Cumhuriyet Bayram\u0131, Bodrum\u2019da yap\u0131lacak resmi program ve Fettah Can konseriyle kutlanacak.<\/p>\n<p>Cumhuriyet\u2019in 102. y\u0131l\u0131 kutlamalar\u0131 28 Ekim Sal\u0131 g\u00fcn\u00fc saat 13.00\u2019te Bodrum Belediye Meydan\u0131 Atat\u00fcrk Heykeli \u00f6n\u00fcnde Bodrum Kaymakaml\u0131\u011f\u0131 taraf\u0131ndan d\u00fczenlenen \u00e7elenk sunma program\u0131 ile ba\u015flayacak. Program, 29 Ekim \u00c7ar\u015famba g\u00fcn\u00fc saat 10.30\u2019da Bodrum Kalesi Kuzey Hende\u011fi\u2019nde yap\u0131lacak kutlama t\u00f6reniyle devam edecek.<\/p>\n<p>Bodrum Belediyesi taraf\u0131ndan d\u00fczenlenen kutlama program\u0131 kapsam\u0131nda, sanat\u00e7\u0131 Fettah Can ve senfoni orkestras\u0131 Bodrum Belediye Meydan\u0131\u2019nda sahne alacak. Kutlama etkinlikleri kapsam\u0131nda 29 Ekim \u00c7ar\u015famba g\u00fcn\u00fc saat 19.23\u2019te Milta Bodrum Marina\u2019dan Belediye Meydan\u0131\u2019na fener alay\u0131 d\u00fczenlenecek. Ard\u0131ndan, saat 20.30\u2019da Belediye Meydan\u0131\u2019nda ger\u00e7ekle\u015fecek Fettah Can ve senfoni orkestras\u0131 konseriyle Cumhuriyet co\u015fkusu t\u00fcm kente yay\u0131lacak.<\/p>\n<p>Ba\u015fkan Mandalinci\u2019den bayrak \u00e7a\u011fr\u0131s\u0131<br \/>\n<br \/>Cumhuriyet Bayram\u0131 kutlamalar\u0131 kapsam\u0131nda Bodrum Belediye Ba\u015fkan\u0131 Tamer Mandalinci, t\u00fcm vatanda\u015flar\u0131 29 Ekim g\u00fcn\u00fc evlerini ve i\u015f yerlerini T\u00fcrk bayraklar\u0131yla donatmaya, ak\u015fam saatlerinde ger\u00e7ekle\u015fecek fener alay\u0131 ve konsere kat\u0131lmaya davet etti.<br \/><\/p>\n","protected":false},"excerpt":{"rendered":"<p>29 Ekim Cumhuriyet Bayram\u0131, Bodrum\u2019da yap\u0131lacak resmi program ve Fettah Can konseriyle kutlanacak. Cumhuriyet\u2019in 102. y\u0131l\u0131 kutlamalar\u0131 28 Ekim Sal\u0131 g\u00fcn\u00fc saat 13.00\u2019te Bodrum Belediye Meydan\u0131 Atat\u00fcrk Heykeli \u00f6n\u00fcnde Bodrum Kaymakaml\u0131\u011f\u0131 taraf\u0131ndan d\u00fczenlenen \u00e7elenk sunma program\u0131 ile ba\u015flayacak. Program, 29 Ekim \u00c7ar\u015famba g\u00fcn\u00fc saat 10.30\u2019da Bodrum Kalesi Kuzey Hende\u011fi\u2019nde yap\u0131lacak kutlama t\u00f6reniyle devam edecek. Bodrum&#8230;<\/p>\n","protected":false},"author":1,"featured_media":63394,"comment_status":"open","ping_status":"open","sticky":false,"template":"","format":"standard","meta":{"_crdt_document":"","footnotes":""},"categories":[1],"tags":[],"class_list":["post-63393","post","type-post","status-publish","format-standard","has-post-thumbnail","hentry","category-guncel"],"_links":{"self":[{"href":"https:\/\/www.egemtv.com\/index.php?rest_route=\/wp\/v2\/posts\/63393","targetHints":{"allow":["GET"]}}],"collection":[{"href":"https:\/\/www.egemtv.com\/index.php?rest_route=\/wp\/v2\/posts"}],"about":[{"href":"https:\/\/www.egemtv.com\/index.php?rest_route=\/wp\/v2\/types\/post"}],"author":[{"embeddable":true,"href":"https:\/\/www.egemtv.com\/index.php?rest_route=\/wp\/v2\/users\/1"}],"replies":[{"embeddable":true,"href":"https:\/\/www.egemtv.com\/index.php?rest_route=%2Fwp%2Fv2%2Fcomments&post=63393"}],"version-history":[{"count":1,"href":"https:\/\/www.egemtv.com\/index.php?rest_route=\/wp\/v2\/posts\/63393\/revisions"}],"predecessor-version":[{"id":63395,"href":"https:\/\/www.egemtv.com\/index.php?rest_route=\/wp\/v2\/posts\/63393\/revisions\/63395"}],"wp:featuredmedia":[{"embeddable":true,"href":"https:\/\/www.egemtv.com\/index.php?rest_route=\/wp\/v2\/media\/63394"}],"wp:attachment":[{"href":"https:\/\/www.egemtv.com\/index.php?rest_route=%2Fwp%2Fv2%2Fmedia&parent=63393"}],"wp:term":[{"taxonomy":"category","embeddable":true,"href":"https:\/\/www.egemtv.com\/index.php?rest_route=%2Fwp%2Fv2%2Fcategories&post=63393"},{"taxonomy":"post_tag","embeddable":true,"href":"https:\/\/www.egemtv.com\/index.php?rest_route=%2Fwp%2Fv2%2Ftags&post=63393"}],"curies":[{"name":"wp","href":"https:\/\/api.w.org\/{rel}","templated":true}]}}