{"id":63390,"date":"2025-10-23T16:15:00","date_gmt":"2025-10-23T13:15:00","guid":{"rendered":"https:\/\/www.egemtv.com\/?p=63390"},"modified":"2025-10-23T16:15:01","modified_gmt":"2025-10-23T13:15:01","slug":"bodrum-cup-yarislari-tum-heyecaniyla-devam-ediyor","status":"publish","type":"post","link":"https:\/\/www.egemtv.com\/?p=63390","title":{"rendered":"Bodrum Cup yar\u0131\u015flar\u0131 t\u00fcm heyecan\u0131yla devam ediyor"},"content":{"rendered":"<p>\u2019Nesillerce\u2019 temas\u0131yla 37. y\u0131l\u0131nda yolculu\u011funu s\u00fcrd\u00fcren Maximiles Black The Bodrum Cup\u2019ta heyecan devam ediyor.<br \/>\n<br \/>Ege\u2019nin k\u00f6kl\u00fc yelken bulu\u015fmas\u0131 Maximiles Black The Bodrum Cup, 37. y\u0131l\u0131nda \u2019Nesillerce\u2019 temas\u0131yla yolculu\u011funu s\u00fcrd\u00fcr\u00fcyor. Bug\u00fcn ger\u00e7ekle\u015ftirilecek Yal\u0131kavak Marina Etab\u0131 ile yar\u0131\u015f\u00e7\u0131lar, Iasos\u2019un tarihi k\u0131y\u0131lar\u0131ndan Yal\u0131kavak\u2019\u0131n modern marinas\u0131na uzanan 14 deniz millik parkurda r\u00fczgarla yar\u0131\u015facak.<br \/>\n<br \/>Bu y\u0131l yar\u0131\u015f merkezi ilk kez Yal\u0131kavak Marina\u2019da kurulurken, etap boyunca yelkenciler &#8220;Nesillerce&#8221; temas\u0131yla dayan\u0131\u015fmay\u0131, payla\u015f\u0131m\u0131 ve deniz sevgisini bir kez daha hat\u0131rlatacak.<\/p>\n<p>S\u00fcleyman Uysal: &#8220;Iasos bizim i\u00e7in denizcilik ruhunun evi oldu&#8221;<br \/>\n<br \/>The Bodrum Cup Organizasyon Komitesi Ba\u015fkan\u0131 S\u00fcleyman Uysal, &#8220;Iasos\u2019ta t\u00fcm denizcilerimizle birlikte \u00e7ok anlaml\u0131 bir g\u00fcn ge\u00e7irdik. Rota de\u011fi\u015fikli\u011fi sebebiyle son anda eklenen Iasos etab\u0131 en \u00e7ok sevilen etaplardan biri oldu. Bunda bizi en iyi \u015fekilde a\u011f\u0131rlayan Egesu Marina\u2019n\u0131n da etkisi b\u00fcy\u00fck. Tarihi bir b\u00f6lge olan Iasos\u2019ta 100\u2019\u00fc a\u015fk\u0131n filomuzun a\u011f\u0131rlanmas\u0131nda bize destek veren Port Iasos Marina ve Egesu G\u00fcll\u00fck Marina\u2019ya bir kez daha te\u015fekk\u00fcr etmek istiyoruz. 24 y\u0131l sonra bu limana ilk kez gelmemize ra\u011fmen bu liman\u0131n asl\u0131nda ne kadar evimiz oldu\u011funu bir kez daha hat\u0131rlad\u0131k. Bug\u00fcn geri d\u00f6nece\u011fimiz Yal\u0131kavak Marina bizim i\u00e7in yaln\u0131zca bir etap noktas\u0131 de\u011fil, yar\u0131\u015f\u0131n kalbi. Bug\u00fcn Iasos\u2019tan Yal\u0131kavak\u2019a uzanacak bu \u00f6zel etapla hem Ege\u2019nin miras\u0131n\u0131 ya\u015fat\u0131yor hem de denizcili\u011fin ruhunu \u2018nesillerce\u2019 s\u00fcrd\u00fcrmenin gururunu ya\u015f\u0131yoruz&#8221; dedi.<\/p>\n<p>Erman Aras: &#8220;Bu rota The Bodrum Cup\u2019\u0131n \u00f6z\u00fcn\u00fc temsil ediyor&#8221;<br \/>\n<br \/>The Bodrum Cup Onursal Ba\u015fkan\u0131 Erman Aras ise, &#8220;Iasos\u2019un tarihinden Yal\u0131kavak\u2019\u0131n modern denizcili\u011fine uzanan bu rota, The Bodrum Cup\u2019\u0131n \u00f6z\u00fcn\u00fc temsil ediyor. Bu yar\u0131\u015fta sadece tekneler de\u011fil, dostluklar da ayn\u0131 r\u00fczgarla yol al\u0131yor&#8221; ifadelerini kulland\u0131.<\/p>\n<p>Umut \u00d6zkan: &#8220;Deniz sevgisini ve dayan\u0131\u015fmay\u0131 birlikte kutluyoruz&#8221;<br \/>\n<br \/>Yal\u0131kavak Marina CEO\u2019su Umut \u00d6zkan da, &#8220;Yal\u0131kavak Marina olarak denizcilik k\u00fclt\u00fcr\u00fcn\u00fc ve yelken sporunu nesiller boyunca ya\u015fatmay\u0131 hedefleyen Maximiles Black The Bodrum Cup\u2019a ev sahipli\u011fi yapmaktan b\u00fcy\u00fck mutluluk duyuyoruz. Ege\u2019nin tarihi miras\u0131 ile modern denizcili\u011fi bulu\u015fturan bu \u00f6zel yar\u0131\u015fta yelkencileri ve deniz tutkunlar\u0131n\u0131 Yal\u0131kavak Marina\u2019da a\u011f\u0131rlamaktan bizim i\u00e7in b\u00fcy\u00fck bir gurur. B\u00f6ylesine k\u00f6kl\u00fc ve uluslararas\u0131 bir etkinli\u011fin par\u00e7as\u0131 olarak deniz sevgisini ve dayan\u0131\u015fma ruhunu birlikte kutlamaktan heyecan duyuyoruz&#8221; c\u00fcmlelerine yer verdi.<br \/><\/p>\n","protected":false},"excerpt":{"rendered":"<p>\u2019Nesillerce\u2019 temas\u0131yla 37. y\u0131l\u0131nda yolculu\u011funu s\u00fcrd\u00fcren Maximiles Black The Bodrum Cup\u2019ta heyecan devam ediyor. Ege\u2019nin k\u00f6kl\u00fc yelken bulu\u015fmas\u0131 Maximiles Black The Bodrum Cup, 37. y\u0131l\u0131nda \u2019Nesillerce\u2019 temas\u0131yla yolculu\u011funu s\u00fcrd\u00fcr\u00fcyor. Bug\u00fcn ger\u00e7ekle\u015ftirilecek Yal\u0131kavak Marina Etab\u0131 ile yar\u0131\u015f\u00e7\u0131lar, Iasos\u2019un tarihi k\u0131y\u0131lar\u0131ndan Yal\u0131kavak\u2019\u0131n modern marinas\u0131na uzanan 14 deniz millik parkurda r\u00fczgarla yar\u0131\u015facak. Bu y\u0131l yar\u0131\u015f merkezi ilk kez&#8230;<\/p>\n","protected":false},"author":1,"featured_media":63391,"comment_status":"open","ping_status":"open","sticky":false,"template":"","format":"standard","meta":{"_crdt_document":"","footnotes":""},"categories":[4],"tags":[],"class_list":["post-63390","post","type-post","status-publish","format-standard","has-post-thumbnail","hentry","category-spor"],"_links":{"self":[{"href":"https:\/\/www.egemtv.com\/index.php?rest_route=\/wp\/v2\/posts\/63390","targetHints":{"allow":["GET"]}}],"collection":[{"href":"https:\/\/www.egemtv.com\/index.php?rest_route=\/wp\/v2\/posts"}],"about":[{"href":"https:\/\/www.egemtv.com\/index.php?rest_route=\/wp\/v2\/types\/post"}],"author":[{"embeddable":true,"href":"https:\/\/www.egemtv.com\/index.php?rest_route=\/wp\/v2\/users\/1"}],"replies":[{"embeddable":true,"href":"https:\/\/www.egemtv.com\/index.php?rest_route=%2Fwp%2Fv2%2Fcomments&post=63390"}],"version-history":[{"count":1,"href":"https:\/\/www.egemtv.com\/index.php?rest_route=\/wp\/v2\/posts\/63390\/revisions"}],"predecessor-version":[{"id":63392,"href":"https:\/\/www.egemtv.com\/index.php?rest_route=\/wp\/v2\/posts\/63390\/revisions\/63392"}],"wp:featuredmedia":[{"embeddable":true,"href":"https:\/\/www.egemtv.com\/index.php?rest_route=\/wp\/v2\/media\/63391"}],"wp:attachment":[{"href":"https:\/\/www.egemtv.com\/index.php?rest_route=%2Fwp%2Fv2%2Fmedia&parent=63390"}],"wp:term":[{"taxonomy":"category","embeddable":true,"href":"https:\/\/www.egemtv.com\/index.php?rest_route=%2Fwp%2Fv2%2Fcategories&post=63390"},{"taxonomy":"post_tag","embeddable":true,"href":"https:\/\/www.egemtv.com\/index.php?rest_route=%2Fwp%2Fv2%2Ftags&post=63390"}],"curies":[{"name":"wp","href":"https:\/\/api.w.org\/{rel}","templated":true}]}}