{"id":63387,"date":"2025-10-23T15:54:56","date_gmt":"2025-10-23T12:54:56","guid":{"rendered":"https:\/\/www.egemtv.com\/?p=63387"},"modified":"2025-10-23T15:54:57","modified_gmt":"2025-10-23T12:54:57","slug":"muhtarlarin-talepleri-baskan-cercioglunun-onculugunde-hayata-geciriliyor","status":"publish","type":"post","link":"https:\/\/www.egemtv.com\/?p=63387","title":{"rendered":"Muhtarlar\u0131n talepleri Ba\u015fkan \u00c7er\u00e7io\u011flu\u2019nun \u00f6nc\u00fcl\u00fc\u011f\u00fcnde hayata ge\u00e7iriliyor"},"content":{"rendered":"<p>Ayd\u0131n B\u00fcy\u00fck\u015fehir Belediye Ba\u015fkan\u0131 \u00d6zlem \u00c7er\u00e7io\u011flu\u2019nun \u00f6nc\u00fcl\u00fc\u011f\u00fcnde, kentin t\u00fcm il\u00e7elerinde y\u00fcr\u00fct\u00fclen \u00e7al\u0131\u015fmalar h\u0131z kesmeden s\u00fcr\u00fcyor. Ba\u015fkan \u00c7er\u00e7io\u011flu, mahalle muhtarlar\u0131yla bir araya gelerek k\u0131rsaldan kent merkezine kadar s\u00fcrd\u00fcr\u00fclen yat\u0131r\u0131m ve hizmetleri Ayd\u0131nl\u0131lar\u0131n taleplerine g\u00f6re \u015fekillendirmeye devam ediyor.<\/p>\n<p>B\u00fcy\u00fck\u015fehir Belediyesi ve ASK\u0130 b\u00fcrokratlar\u0131yla birlikte ge\u00e7ti\u011fimiz g\u00fcnlerde Ko\u00e7arl\u0131 il\u00e7esindeki muhtarlarla toplant\u0131 ger\u00e7ekle\u015ftiren Ba\u015fkan \u00c7er\u00e7io\u011flu, il\u00e7ede devam eden ve planlanan \u00e7al\u0131\u015fmalarla ilgili de\u011ferlendirmelerde bulundu. Muhtarlar\u0131n taleplerini tek tek dinleyen Ba\u015fkan \u00c7er\u00e7io\u011flu\u2019nun talimat\u0131yla, il\u00e7e genelinde yeni \u00e7al\u0131\u015fmalar ba\u015flat\u0131ld\u0131.<\/p>\n<p>Ko\u00e7arl\u0131 genelinde e\u015f zamanl\u0131 olarak s\u00fcrd\u00fcr\u00fclen yat\u0131r\u0131mlardan duyduklar\u0131 memnuniyeti dile getiren muhtarlar ve vatanda\u015flar, hizmetlerinden dolay\u0131 Ba\u015fkan \u00c7er\u00e7io\u011flu\u2019na te\u015fekk\u00fcr etti.<\/p>\n<p>&#8220;\u00d6zlem Ba\u015fkan\u0131m\u0131z sa\u011folsun, var olsun&#8221;<br \/>\n<br \/>Toplant\u0131n\u0131n ard\u0131ndan mahallelerinde \u00e7al\u0131\u015fmalar\u0131n h\u0131zla ba\u015flad\u0131\u011f\u0131n\u0131 belirten Boydere Mahalle Muhtar\u0131 Hakk\u0131 Sar\u0131nizam, &#8220;\u00d6zlem Ba\u015fkan\u0131m\u0131z ile muhtar arkada\u015flar\u0131m\u0131zla beraber belediyede bir araya geldik. \u0130steklerimizi s\u0131rayla dinledi. Bizler de Boydere i\u00e7in taleplerimizi ilettik. Allah raz\u0131 olsun, \u00e7al\u0131\u015fmalar da ba\u015flad\u0131. Bir kaplama yerimiz vard\u0131, oraya s\u0131cak yama yap\u0131ld\u0131, tamirat yap\u0131ld\u0131. D\u00fc\u011f\u00fcn salonu alan\u0131m\u0131z\u0131n \u00fcst\u00fcn\u00fcn kapat\u0131lmas\u0131n\u0131 al\u0131nd\u0131k, \u00f6l\u00e7\u00fcleri gelip ald\u0131lar. Bu toplant\u0131 ger\u00e7ekten \u00e7ok iyi oldu yani. \u00d6zlem Ba\u015fkan\u0131m\u0131z \u00e7ok sa\u011folsun, var olsun&#8221; ifadelerini kulland\u0131.<\/p>\n<p>&#8220;Taleplerimiz teker teker yerine geliyor&#8221;<br \/>\n<br \/>Toplant\u0131dan memnuniyet duydu\u011funu belirten Hac\u0131hamzalar Mahallesi Muhtar\u0131 Seyhan Deniz, Ba\u015fkan \u00c7er\u00e7io\u011flu\u2019na desteklerinden dolay\u0131 te\u015fekk\u00fcr ederek, &#8220;Mahallemizde yap\u0131lmas\u0131 gereken i\u015flerle ilgili B\u00fcy\u00fck\u015fehir Belediye Ba\u015fkan\u0131m, Topuklu Efem \u00d6zlem \u00c7er\u00e7io\u011flu\u2019na taleplerimi ilettim. Bunlardan biri de mahalle halk\u0131m\u0131z\u0131n ortak kullan\u0131m\u0131 olan da\u011f yollar\u0131m\u0131zda, zeytinlik yollar\u0131m\u0131zda ya\u015fanan bozulmalar nedeniyle kep\u00e7e talebimizdi. Ba\u015fkan\u0131m kep\u00e7emizi g\u00f6nderdi, yollar\u0131m\u0131z\u0131n d\u00fczenlenmesi i\u00e7in \u015fu an ekibimiz burada. \u00d6zlem Ba\u015fkan\u0131m\u0131za iletmi\u015f oldu\u011fumuz talepler teker teker yerine geliyor, kendisine sonsuz te\u015fekk\u00fcrlerimi iletiyorum&#8221; diye konu\u015ftu.<\/p>\n<p>&#8220;Allah \u00d6zlem Ba\u015fkan\u0131m\u0131z\u0131 ba\u015f\u0131m\u0131zdan eksik etmesin&#8221;<br \/>\n<br \/>Ba\u015fkan \u00c7er\u00e7io\u011flu\u2019nun ve B\u00fcy\u00fck\u015fehir Belediyesi ekiplerinin her zaman yanlar\u0131nda oldu\u011funu belirten Bo\u011fazi\u00e7i Mahallesi Muhtar\u0131 Durmu\u015f Ali G\u00fcven, &#8220;B\u00fcy\u00fck\u015fehir Belediyesi\u2019nde \u00d6zlem Ba\u015fkan\u0131m\u0131za taleplerimizi ilettik, k\u0131sa zamanda da hepsi yap\u0131ld\u0131. Yolumuzun d\u00fczenlenmesini istemi\u015ftim, Atat\u00fcrk b\u00fcst\u00fcm\u00fcz\u00fcn oldu\u011fu yerde d\u00fczenleme istemi\u015ftim, \u00e7al\u0131\u015fmalar da yap\u0131ld\u0131. Biz \u00d6zlem Ba\u015fkan\u0131m\u0131zdan memnunuz, gerek AYBA gerekse de B\u00fcy\u00fck\u015fehir Belediyesi\u2019nin ekipleri her zaman yan\u0131m\u0131zda. T\u00fcm ekipler bir telefon uza\u011f\u0131m\u0131zda. Allah \u00d6zlem Ba\u015fkan\u0131m\u0131z\u0131 ba\u015f\u0131m\u0131zdan eksik etmesin&#8221; dedi.<br \/><\/p>\n","protected":false},"excerpt":{"rendered":"<p>Ayd\u0131n B\u00fcy\u00fck\u015fehir Belediye Ba\u015fkan\u0131 \u00d6zlem \u00c7er\u00e7io\u011flu\u2019nun \u00f6nc\u00fcl\u00fc\u011f\u00fcnde, kentin t\u00fcm il\u00e7elerinde y\u00fcr\u00fct\u00fclen \u00e7al\u0131\u015fmalar h\u0131z kesmeden s\u00fcr\u00fcyor. Ba\u015fkan \u00c7er\u00e7io\u011flu, mahalle muhtarlar\u0131yla bir araya gelerek k\u0131rsaldan kent merkezine kadar s\u00fcrd\u00fcr\u00fclen yat\u0131r\u0131m ve hizmetleri Ayd\u0131nl\u0131lar\u0131n taleplerine g\u00f6re \u015fekillendirmeye devam ediyor. B\u00fcy\u00fck\u015fehir Belediyesi ve ASK\u0130 b\u00fcrokratlar\u0131yla birlikte ge\u00e7ti\u011fimiz g\u00fcnlerde Ko\u00e7arl\u0131 il\u00e7esindeki muhtarlarla toplant\u0131 ger\u00e7ekle\u015ftiren Ba\u015fkan \u00c7er\u00e7io\u011flu, il\u00e7ede devam eden ve&#8230;<\/p>\n","protected":false},"author":1,"featured_media":63388,"comment_status":"open","ping_status":"open","sticky":false,"template":"","format":"standard","meta":{"_crdt_document":"","footnotes":""},"categories":[1],"tags":[],"class_list":["post-63387","post","type-post","status-publish","format-standard","has-post-thumbnail","hentry","category-guncel"],"_links":{"self":[{"href":"https:\/\/www.egemtv.com\/index.php?rest_route=\/wp\/v2\/posts\/63387","targetHints":{"allow":["GET"]}}],"collection":[{"href":"https:\/\/www.egemtv.com\/index.php?rest_route=\/wp\/v2\/posts"}],"about":[{"href":"https:\/\/www.egemtv.com\/index.php?rest_route=\/wp\/v2\/types\/post"}],"author":[{"embeddable":true,"href":"https:\/\/www.egemtv.com\/index.php?rest_route=\/wp\/v2\/users\/1"}],"replies":[{"embeddable":true,"href":"https:\/\/www.egemtv.com\/index.php?rest_route=%2Fwp%2Fv2%2Fcomments&post=63387"}],"version-history":[{"count":1,"href":"https:\/\/www.egemtv.com\/index.php?rest_route=\/wp\/v2\/posts\/63387\/revisions"}],"predecessor-version":[{"id":63389,"href":"https:\/\/www.egemtv.com\/index.php?rest_route=\/wp\/v2\/posts\/63387\/revisions\/63389"}],"wp:featuredmedia":[{"embeddable":true,"href":"https:\/\/www.egemtv.com\/index.php?rest_route=\/wp\/v2\/media\/63388"}],"wp:attachment":[{"href":"https:\/\/www.egemtv.com\/index.php?rest_route=%2Fwp%2Fv2%2Fmedia&parent=63387"}],"wp:term":[{"taxonomy":"category","embeddable":true,"href":"https:\/\/www.egemtv.com\/index.php?rest_route=%2Fwp%2Fv2%2Fcategories&post=63387"},{"taxonomy":"post_tag","embeddable":true,"href":"https:\/\/www.egemtv.com\/index.php?rest_route=%2Fwp%2Fv2%2Ftags&post=63387"}],"curies":[{"name":"wp","href":"https:\/\/api.w.org\/{rel}","templated":true}]}}