{"id":63384,"date":"2025-10-23T15:54:54","date_gmt":"2025-10-23T12:54:54","guid":{"rendered":"https:\/\/www.egemtv.com\/?p=63384"},"modified":"2025-10-23T15:54:55","modified_gmt":"2025-10-23T12:54:55","slug":"marmaris-belediye-baskani-unlu-kanuna-aykiri-yuruyus-davasinda-yargilaniyor","status":"publish","type":"post","link":"https:\/\/www.egemtv.com\/?p=63384","title":{"rendered":"Marmaris Belediye Ba\u015fkan\u0131 \u00dcnl\u00fc kanuna ayk\u0131r\u0131 y\u00fcr\u00fcy\u00fc\u015f davas\u0131nda yarg\u0131lan\u0131yor"},"content":{"rendered":"<p>Mu\u011fla Mente\u015fe\u2019de 19 Mart tarihinde ger\u00e7ekle\u015ftirilen y\u00fcr\u00fcy\u00fc\u015fe ili\u015fkin &#8220;kanuna ayk\u0131r\u0131 toplant\u0131 ve y\u00fcr\u00fcy\u00fc\u015flere silahs\u0131z kat\u0131larak ihtara ra\u011fmen kendili\u011finden da\u011f\u0131lmama&#8221; su\u00e7lamas\u0131yla yarg\u0131lanan Marmaris Belediye Ba\u015fkan\u0131 Acar \u00dcnl\u00fc\u2019n\u00fcn davas\u0131, 8 Ocak 2026 tarihine ertelendi.<br \/>\n<br \/>CHP Mu\u011fla \u0130l Ba\u015fkanl\u0131\u011f\u0131 binas\u0131ndan Mu\u011fla Adliyesi\u2019ne yap\u0131lan y\u00fcr\u00fcy\u00fc\u015f\u00fcn ard\u0131ndan a\u00e7\u0131lan davada san\u0131klar, &#8220;kanuna ayk\u0131r\u0131 toplant\u0131 ve y\u00fcr\u00fcy\u00fc\u015flere silahs\u0131z kat\u0131larak ihtara ra\u011fmen kendili\u011finden da\u011f\u0131lmama&#8221; su\u00e7lamas\u0131yla yarg\u0131lan\u0131yor. Mu\u011fla 3. Asliye Ceza Mahkemesi\u2019nde bug\u00fcn g\u00f6r\u00fclen duru\u015fmada 10 san\u0131ktan 6\u2019s\u0131 haz\u0131r bulundu. San\u0131klar aras\u0131nda ge\u00e7ti\u011fimiz g\u00fcnlerde CHP Mu\u011fla \u0130l Ba\u015fkan\u0131 se\u00e7ilen Nail K\u0131z\u0131l, CHP Bodrum Gen\u00e7lik Kollar\u0131 Ba\u015fkan\u0131 \u00c7etin Avc\u0131 ve CHP Mente\u015fe Gen\u00e7lik Kollar\u0131 Ba\u015fkan\u0131 Tu\u011f\u00e7e Dur da yer ald\u0131. Talimatla dinlenmeleri kararla\u015ft\u0131r\u0131lan Acar \u00dcnl\u00fc ve 3 san\u0131k ise duru\u015fmaya kat\u0131lmad\u0131.<br \/>\n<br \/>CHP Mu\u011fla \u0130l Ba\u015fkan\u0131 Nail K\u0131z\u0131l ifadesinde, &#8220;Herhangi bir ihtar yap\u0131lmad\u0131, aksine kalkan ve biber gaz\u0131 ile m\u00fcdahale edildi, \u00fczerimize y\u00fcr\u00fcd\u00fcler. \u0130htar yap\u0131lsayd\u0131 duyard\u0131k&#8221; dedi.<br \/>\n<br \/>Marmaris Belediye Ba\u015fkan\u0131 Acar \u00dcnl\u00fc\u2019n\u00fcn avukat\u0131, m\u00fcvekkili hakk\u0131nda iki ayr\u0131 Asliye Ceza Mahkemesi\u2019nde y\u00fcr\u00fct\u00fclen davalar\u0131n birle\u015ftirilmesini talep etti. Avukat, &#8220;M\u00fcvekkilim \u00fczerindeki su\u00e7lamalar\u0131 kabul etmiyoruz&#8221; dedi.<br \/>\n<br \/>Mahkeme, davay\u0131 8 Ocak 2026 g\u00fcn\u00fc saat 13.30\u2019a erteledi.<br \/>\n<br \/>\u00d6te yandan Acar \u00dcnl\u00fc hakk\u0131nda, &#8220;polise sald\u0131rmak&#8221; su\u00e7lamas\u0131yla y\u00fcr\u00fct\u00fclen ba\u015fka bir dava daha bulunuyor. Bu davan\u0131n ikinci duru\u015fmas\u0131 ge\u00e7ti\u011fimiz hafta Mu\u011fla 2. Asliye Ceza Mahkemesi\u2019nde g\u00f6r\u00fclm\u00fc\u015f ve 11 Aral\u0131k tarihine ertelenmi\u015fti.<br \/><\/p>\n","protected":false},"excerpt":{"rendered":"<p>Mu\u011fla Mente\u015fe\u2019de 19 Mart tarihinde ger\u00e7ekle\u015ftirilen y\u00fcr\u00fcy\u00fc\u015fe ili\u015fkin &#8220;kanuna ayk\u0131r\u0131 toplant\u0131 ve y\u00fcr\u00fcy\u00fc\u015flere silahs\u0131z kat\u0131larak ihtara ra\u011fmen kendili\u011finden da\u011f\u0131lmama&#8221; su\u00e7lamas\u0131yla yarg\u0131lanan Marmaris Belediye Ba\u015fkan\u0131 Acar \u00dcnl\u00fc\u2019n\u00fcn davas\u0131, 8 Ocak 2026 tarihine ertelendi. CHP Mu\u011fla \u0130l Ba\u015fkanl\u0131\u011f\u0131 binas\u0131ndan Mu\u011fla Adliyesi\u2019ne yap\u0131lan y\u00fcr\u00fcy\u00fc\u015f\u00fcn ard\u0131ndan a\u00e7\u0131lan davada san\u0131klar, &#8220;kanuna ayk\u0131r\u0131 toplant\u0131 ve y\u00fcr\u00fcy\u00fc\u015flere silahs\u0131z kat\u0131larak ihtara ra\u011fmen kendili\u011finden&#8230;<\/p>\n","protected":false},"author":1,"featured_media":63385,"comment_status":"open","ping_status":"open","sticky":false,"template":"","format":"standard","meta":{"_crdt_document":"","footnotes":""},"categories":[5],"tags":[],"class_list":["post-63384","post","type-post","status-publish","format-standard","has-post-thumbnail","hentry","category-asayis"],"_links":{"self":[{"href":"https:\/\/www.egemtv.com\/index.php?rest_route=\/wp\/v2\/posts\/63384","targetHints":{"allow":["GET"]}}],"collection":[{"href":"https:\/\/www.egemtv.com\/index.php?rest_route=\/wp\/v2\/posts"}],"about":[{"href":"https:\/\/www.egemtv.com\/index.php?rest_route=\/wp\/v2\/types\/post"}],"author":[{"embeddable":true,"href":"https:\/\/www.egemtv.com\/index.php?rest_route=\/wp\/v2\/users\/1"}],"replies":[{"embeddable":true,"href":"https:\/\/www.egemtv.com\/index.php?rest_route=%2Fwp%2Fv2%2Fcomments&post=63384"}],"version-history":[{"count":1,"href":"https:\/\/www.egemtv.com\/index.php?rest_route=\/wp\/v2\/posts\/63384\/revisions"}],"predecessor-version":[{"id":63386,"href":"https:\/\/www.egemtv.com\/index.php?rest_route=\/wp\/v2\/posts\/63384\/revisions\/63386"}],"wp:featuredmedia":[{"embeddable":true,"href":"https:\/\/www.egemtv.com\/index.php?rest_route=\/wp\/v2\/media\/63385"}],"wp:attachment":[{"href":"https:\/\/www.egemtv.com\/index.php?rest_route=%2Fwp%2Fv2%2Fmedia&parent=63384"}],"wp:term":[{"taxonomy":"category","embeddable":true,"href":"https:\/\/www.egemtv.com\/index.php?rest_route=%2Fwp%2Fv2%2Fcategories&post=63384"},{"taxonomy":"post_tag","embeddable":true,"href":"https:\/\/www.egemtv.com\/index.php?rest_route=%2Fwp%2Fv2%2Ftags&post=63384"}],"curies":[{"name":"wp","href":"https:\/\/api.w.org\/{rel}","templated":true}]}}