{"id":63381,"date":"2025-10-23T15:35:06","date_gmt":"2025-10-23T12:35:06","guid":{"rendered":"https:\/\/www.egemtv.com\/?p=63381"},"modified":"2025-10-23T15:35:09","modified_gmt":"2025-10-23T12:35:09","slug":"aydin-tarim-ve-orman-mudurlugunde-2025-yili-degerlendirme-toplantisi-yapildi","status":"publish","type":"post","link":"https:\/\/www.egemtv.com\/?p=63381","title":{"rendered":"Ayd\u0131n Tar\u0131m ve Orman M\u00fcd\u00fcrl\u00fc\u011f\u00fc\u2019nde 2025 y\u0131l\u0131 de\u011ferlendirme toplant\u0131s\u0131 yap\u0131ld\u0131"},"content":{"rendered":"<p>Ayd\u0131n \u0130l Tar\u0131m ve Orman M\u00fcd\u00fcrl\u00fc\u011f\u00fc\u2019nde, 2025 y\u0131l\u0131n\u0131n ilk dokuz ayl\u0131k \u00e7al\u0131\u015fmalar\u0131n\u0131n ele al\u0131nd\u0131\u011f\u0131 koordinasyon toplant\u0131s\u0131 ger\u00e7ekle\u015ftirildi. \u0130l M\u00fcd\u00fcr\u00fc Ayhan Temiz ba\u015fkanl\u0131\u011f\u0131nda d\u00fczenlenen toplant\u0131ya, il m\u00fcd\u00fcr yard\u0131mc\u0131lar\u0131, \u015fube m\u00fcd\u00fcrleri ve il\u00e7e m\u00fcd\u00fcrleri kat\u0131ld\u0131.<\/p>\n<p>Ayd\u0131n \u0130l Tar\u0131m ve Orman M\u00fcd\u00fcrl\u00fc\u011f\u00fc \u0130ncir Toplant\u0131 Salonu\u2019nda yap\u0131lan toplant\u0131da, 2025 y\u0131l\u0131n\u0131n ilk \u00fc\u00e7 \u00e7eyre\u011finde y\u00fcr\u00fct\u00fclen faaliyetler, devam eden projeler ve gelecek d\u00f6nem hedefleri detayl\u0131 olarak de\u011ferlendirildi. \u0130l M\u00fcd\u00fcr\u00fc Ayhan Temiz, toplant\u0131n\u0131n yaln\u0131zca mevcut durumu ele almakla kalmay\u0131p, ayn\u0131 zamanda gelece\u011fe d\u00f6n\u00fck yol haritas\u0131n\u0131 da belirlemek a\u00e7\u0131s\u0131ndan b\u00fcy\u00fck \u00f6nem ta\u015f\u0131d\u0131\u011f\u0131n\u0131 vurgulad\u0131. Temiz, tar\u0131msal projelerin zaman\u0131nda, b\u00fct\u00e7eye uygun ve y\u00fcksek kalitede tamamlanmas\u0131n\u0131n temel hedef oldu\u011funu belirterek, t\u00fcm birimlerin bu do\u011frultuda koordineli \u00e7al\u0131\u015fmas\u0131n\u0131n \u00f6nemine dikkat \u00e7ekti. Toplant\u0131, fikir al\u0131\u015fveri\u015fi ve de\u011ferlendirmelerin ard\u0131ndan sona erdi.<br \/><\/p>\n","protected":false},"excerpt":{"rendered":"<p>Ayd\u0131n \u0130l Tar\u0131m ve Orman M\u00fcd\u00fcrl\u00fc\u011f\u00fc\u2019nde, 2025 y\u0131l\u0131n\u0131n ilk dokuz ayl\u0131k \u00e7al\u0131\u015fmalar\u0131n\u0131n ele al\u0131nd\u0131\u011f\u0131 koordinasyon toplant\u0131s\u0131 ger\u00e7ekle\u015ftirildi. \u0130l M\u00fcd\u00fcr\u00fc Ayhan Temiz ba\u015fkanl\u0131\u011f\u0131nda d\u00fczenlenen toplant\u0131ya, il m\u00fcd\u00fcr yard\u0131mc\u0131lar\u0131, \u015fube m\u00fcd\u00fcrleri ve il\u00e7e m\u00fcd\u00fcrleri kat\u0131ld\u0131. Ayd\u0131n \u0130l Tar\u0131m ve Orman M\u00fcd\u00fcrl\u00fc\u011f\u00fc \u0130ncir Toplant\u0131 Salonu\u2019nda yap\u0131lan toplant\u0131da, 2025 y\u0131l\u0131n\u0131n ilk \u00fc\u00e7 \u00e7eyre\u011finde y\u00fcr\u00fct\u00fclen faaliyetler, devam eden projeler ve&#8230;<\/p>\n","protected":false},"author":1,"featured_media":63382,"comment_status":"open","ping_status":"open","sticky":false,"template":"","format":"standard","meta":{"_crdt_document":"","footnotes":""},"categories":[1],"tags":[],"class_list":["post-63381","post","type-post","status-publish","format-standard","has-post-thumbnail","hentry","category-guncel"],"_links":{"self":[{"href":"https:\/\/www.egemtv.com\/index.php?rest_route=\/wp\/v2\/posts\/63381","targetHints":{"allow":["GET"]}}],"collection":[{"href":"https:\/\/www.egemtv.com\/index.php?rest_route=\/wp\/v2\/posts"}],"about":[{"href":"https:\/\/www.egemtv.com\/index.php?rest_route=\/wp\/v2\/types\/post"}],"author":[{"embeddable":true,"href":"https:\/\/www.egemtv.com\/index.php?rest_route=\/wp\/v2\/users\/1"}],"replies":[{"embeddable":true,"href":"https:\/\/www.egemtv.com\/index.php?rest_route=%2Fwp%2Fv2%2Fcomments&post=63381"}],"version-history":[{"count":1,"href":"https:\/\/www.egemtv.com\/index.php?rest_route=\/wp\/v2\/posts\/63381\/revisions"}],"predecessor-version":[{"id":63383,"href":"https:\/\/www.egemtv.com\/index.php?rest_route=\/wp\/v2\/posts\/63381\/revisions\/63383"}],"wp:featuredmedia":[{"embeddable":true,"href":"https:\/\/www.egemtv.com\/index.php?rest_route=\/wp\/v2\/media\/63382"}],"wp:attachment":[{"href":"https:\/\/www.egemtv.com\/index.php?rest_route=%2Fwp%2Fv2%2Fmedia&parent=63381"}],"wp:term":[{"taxonomy":"category","embeddable":true,"href":"https:\/\/www.egemtv.com\/index.php?rest_route=%2Fwp%2Fv2%2Fcategories&post=63381"},{"taxonomy":"post_tag","embeddable":true,"href":"https:\/\/www.egemtv.com\/index.php?rest_route=%2Fwp%2Fv2%2Ftags&post=63381"}],"curies":[{"name":"wp","href":"https:\/\/api.w.org\/{rel}","templated":true}]}}