{"id":63378,"date":"2025-10-23T15:35:01","date_gmt":"2025-10-23T12:35:01","guid":{"rendered":"https:\/\/www.egemtv.com\/?p=63378"},"modified":"2025-10-23T15:35:03","modified_gmt":"2025-10-23T12:35:03","slug":"basibos-kopekler-koyunlari-telef-etti","status":"publish","type":"post","link":"https:\/\/www.egemtv.com\/?p=63378","title":{"rendered":"Ba\u015f\u0131bo\u015f k\u00f6pekler koyunlar\u0131 telef etti"},"content":{"rendered":"<p>Manisa\u2019n\u0131n Yunusemre il\u00e7esinde ba\u015f\u0131bo\u015f sokak k\u00f6pekleri, sald\u0131rd\u0131klar\u0131 koyun s\u00fcr\u00fcs\u00fcndeki 3 koyunu telef etti.<br \/>\n<br \/>Olay, Yunusemre il\u00e7esine ba\u011fl\u0131 G\u00fcrle Mahallesi\u2019nde meydana geldi. Mahallede babas\u0131ndan kalan arazide k\u00fc\u00e7\u00fckba\u015f hayvanc\u0131l\u0131k yapan K\u0131l\u0131\u00e7 Kaya\u2019ya ait koyunlara merada ba\u015f\u0131bo\u015f sokak k\u00f6pekleri sald\u0131rd\u0131. Sald\u0131r\u0131da 3 koyun telef olurken, 2 koyun da yaraland\u0131. Sald\u0131r\u0131dan korkup ka\u00e7an 9 koyun da kaybolurken, koyunlar\u0131 arama \u00e7al\u0131\u015fmalar\u0131 devam ediyor.<br \/>\n<br \/>Koyunlar\u0131n sahibi K\u0131l\u0131\u00e7 Kaya, Emlakdere G\u00fcrle yolu boyunca olduk\u00e7a fazla sokak k\u00f6pe\u011fi oldu\u011funu belirterek, kim oldu\u011fu belli olmayan insanlar\u0131n geli\u015fig\u00fczel mama veya yiyecek b\u0131rakarak bu k\u00f6peklerini beslediklerini, bunlar\u0131n y\u00f6re insan\u0131 ve \u00fcreticiler i\u00e7in tehdit olu\u015fturdu\u011funu s\u00f6yledi.<br \/><\/p>\n","protected":false},"excerpt":{"rendered":"<p>Manisa\u2019n\u0131n Yunusemre il\u00e7esinde ba\u015f\u0131bo\u015f sokak k\u00f6pekleri, sald\u0131rd\u0131klar\u0131 koyun s\u00fcr\u00fcs\u00fcndeki 3 koyunu telef etti. Olay, Yunusemre il\u00e7esine ba\u011fl\u0131 G\u00fcrle Mahallesi\u2019nde meydana geldi. Mahallede babas\u0131ndan kalan arazide k\u00fc\u00e7\u00fckba\u015f hayvanc\u0131l\u0131k yapan K\u0131l\u0131\u00e7 Kaya\u2019ya ait koyunlara merada ba\u015f\u0131bo\u015f sokak k\u00f6pekleri sald\u0131rd\u0131. Sald\u0131r\u0131da 3 koyun telef olurken, 2 koyun da yaraland\u0131. Sald\u0131r\u0131dan korkup ka\u00e7an 9 koyun da kaybolurken, koyunlar\u0131 arama&#8230;<\/p>\n","protected":false},"author":1,"featured_media":63379,"comment_status":"open","ping_status":"open","sticky":false,"template":"","format":"standard","meta":{"_crdt_document":"","footnotes":""},"categories":[5],"tags":[],"class_list":["post-63378","post","type-post","status-publish","format-standard","has-post-thumbnail","hentry","category-asayis"],"_links":{"self":[{"href":"https:\/\/www.egemtv.com\/index.php?rest_route=\/wp\/v2\/posts\/63378","targetHints":{"allow":["GET"]}}],"collection":[{"href":"https:\/\/www.egemtv.com\/index.php?rest_route=\/wp\/v2\/posts"}],"about":[{"href":"https:\/\/www.egemtv.com\/index.php?rest_route=\/wp\/v2\/types\/post"}],"author":[{"embeddable":true,"href":"https:\/\/www.egemtv.com\/index.php?rest_route=\/wp\/v2\/users\/1"}],"replies":[{"embeddable":true,"href":"https:\/\/www.egemtv.com\/index.php?rest_route=%2Fwp%2Fv2%2Fcomments&post=63378"}],"version-history":[{"count":1,"href":"https:\/\/www.egemtv.com\/index.php?rest_route=\/wp\/v2\/posts\/63378\/revisions"}],"predecessor-version":[{"id":63380,"href":"https:\/\/www.egemtv.com\/index.php?rest_route=\/wp\/v2\/posts\/63378\/revisions\/63380"}],"wp:featuredmedia":[{"embeddable":true,"href":"https:\/\/www.egemtv.com\/index.php?rest_route=\/wp\/v2\/media\/63379"}],"wp:attachment":[{"href":"https:\/\/www.egemtv.com\/index.php?rest_route=%2Fwp%2Fv2%2Fmedia&parent=63378"}],"wp:term":[{"taxonomy":"category","embeddable":true,"href":"https:\/\/www.egemtv.com\/index.php?rest_route=%2Fwp%2Fv2%2Fcategories&post=63378"},{"taxonomy":"post_tag","embeddable":true,"href":"https:\/\/www.egemtv.com\/index.php?rest_route=%2Fwp%2Fv2%2Ftags&post=63378"}],"curies":[{"name":"wp","href":"https:\/\/api.w.org\/{rel}","templated":true}]}}