{"id":63354,"date":"2025-10-23T14:54:54","date_gmt":"2025-10-23T11:54:54","guid":{"rendered":"https:\/\/www.egemtv.com\/?p=63354"},"modified":"2025-10-23T14:54:55","modified_gmt":"2025-10-23T11:54:55","slug":"baskan-balaban-aylik-calismalarini-anlatti","status":"publish","type":"post","link":"https:\/\/www.egemtv.com\/?p=63354","title":{"rendered":"Ba\u015fkan Balaban ayl\u0131k \u00e7al\u0131\u015fmalar\u0131n\u0131 anlatt\u0131"},"content":{"rendered":"<p>Yunusemre Belediye Ba\u015fkan\u0131 Semih Balaban, ekim ay\u0131 ola\u011fan bas\u0131n toplant\u0131s\u0131nda belediyenin y\u00fcr\u00fctt\u00fc\u011f\u00fc projeler ve \u00e7al\u0131\u015fmalar hakk\u0131nda bilgi verdi. Ba\u015fkan Balaban, kas\u0131m ay\u0131 i\u00e7inde tamamlanacak yat\u0131r\u0131mlarla birlikte 12 tesisi il\u00e7eye kazand\u0131racaklar\u0131n\u0131 belirterek, &#8220;Bug\u00fcne kadar \u2018hi\u00e7bir \u015fey yap\u0131lm\u0131yor\u2019 diyenlere en g\u00fczel cevab\u0131 bu a\u00e7\u0131l\u0131\u015flarla verece\u011fiz&#8221; dedi.<br \/>\n<br \/>Yunusemre Belediye Ba\u015fkan\u0131 Semih Balaban, ayl\u0131k ola\u011fan bas\u0131n toplant\u0131s\u0131nda, belediyenin yapt\u0131\u011f\u0131 \u00e7al\u0131\u015fmalar\u0131 kamuoyu ile payla\u015ft\u0131. Ba\u015fkanl\u0131k makam\u0131nda d\u00fczenlenen toplant\u0131ya ba\u015fkan yard\u0131mc\u0131lar\u0131 da kat\u0131ld\u0131. Belediyenin proje ve yat\u0131r\u0131mlar\u0131n\u0131 tek tek hayata ge\u00e7irdiklerini s\u00f6yleyen Balaban, \u00f6n\u00fcm\u00fczdeki s\u00fcre\u00e7te Genel Ba\u015fkan \u00d6zg\u00fcr \u00d6zel\u2019in kat\u0131l\u0131m\u0131yla toplu a\u00e7\u0131l\u0131\u015f t\u00f6reni ger\u00e7ekle\u015ftirmeyi planlad\u0131klar\u0131n\u0131 duyurdu.<\/p>\n<p>A\u00e7\u0131l\u0131\u015flar i\u00e7in toplu t\u00f6ren yap\u0131lacak<br \/>\n<br \/>\u00d6n\u00fcm\u00fczdeki aylarda genel ba\u015fkanlar\u0131 \u00d6zg\u00fcr \u00d6zel\u2019in kat\u0131l\u0131m\u0131yla toplu a\u00e7\u0131l\u0131\u015f t\u00f6reni yapmay\u0131 planlad\u0131klar\u0131n\u0131 kaydeden Belediye Ba\u015fkan\u0131 Balaban, &#8220;T\u00fcm imkans\u0131zl\u0131klara ra\u011fmen s\u00f6z verdi\u011fimiz d\u00f6rt yeni kre\u015fimizden ikisini hizmete a\u00e7t\u0131k, kalan iki kre\u015fimizi ise 10 Kas\u0131m\u2019a kadar tamamlayarak halk\u0131m\u0131z\u0131n hizmetine sunaca\u011f\u0131z. Muradiye ve Fevzi \u00c7akmak mahallelerindeki kre\u015flerimiz hizmete ba\u015flad\u0131; Atat\u00fcrk Mahallesi ve 50. Y\u0131l Mahallesi\u2019ndeki kre\u015flerimiz de bitme a\u015famas\u0131nda. Kre\u015fler bizim i\u00e7in en \u00f6nemli hizmet alanlar\u0131ndan biri. \u00d6zel kre\u015flerde ayl\u0131k \u00fccretler 20 ila 25 bin TL aras\u0131nda de\u011fi\u015firken, biz Yunusemre Belediyesi olarak kre\u015f hizmetini 2.500 TL gibi son derece uygun bir \u00fccretle sunuyoruz. Ocak ay\u0131nda k\u00fc\u00e7\u00fck bir zam yapaca\u011f\u0131z ancak bu uygun \u00fccret politikam\u0131z devam edecek. Yine Horozk\u00f6y b\u00f6lgesinde Ahmet Kaya Park\u0131\u2019n\u0131n a\u00e7\u0131l\u0131\u015f\u0131n\u0131 \u00f6n\u00fcm\u00fczdeki g\u00fcnlerde ger\u00e7ekle\u015ftirece\u011fiz. Sayg\u0131de\u011fer G\u00fclten Kaya\u2019y\u0131 da davet ettik, kendisi de b\u00fcy\u00fck ihtimalle kat\u0131lacak. Ahmet Kaya Park\u0131, halk\u0131m\u0131z\u0131n \u00f6nemli bir de\u011ferinin ad\u0131n\u0131 ya\u015fatacak anlaml\u0131 bir proje olacak. Ayr\u0131ca Bozk\u00f6y\u2019de Kad\u0131n ve Aile Konukevi a\u00e7\u0131l\u0131\u015f\u0131n\u0131 da 15 Kas\u0131m\u2019a kadar tamamlayaca\u011f\u0131z. Bu s\u00fcre\u00e7te \u0130l Ba\u015fkan\u0131m\u0131z \u0130lksen \u00d6zalper ile de g\u00f6r\u00fc\u015ft\u00fck. Say\u0131n Genel Ba\u015fkan\u0131m\u0131z \u00d6zg\u00fcr \u00d6zel\u2019in kat\u0131l\u0131m\u0131yla 12 tesisi kapsayan toplu a\u00e7\u0131l\u0131\u015f t\u00f6renimizi ger\u00e7ekle\u015ftirece\u011fiz. Bug\u00fcne kadar \u2019hi\u00e7bir \u015fey yap\u0131lm\u0131yor\u2019 diyenlere en g\u00fczel cevab\u0131 bu a\u00e7\u0131l\u0131\u015flar verecek. Toplu a\u00e7\u0131l\u0131\u015f kapsam\u0131nda yer alacak tesisler 4 kre\u015f, Ahmet Kaya Park\u0131, Kad\u0131n ve Aile Konukevi, Gen\u00e7lik Kafe, Emekli Kafe, Kad\u0131n Dayan\u0131\u015fma Evi (Atat\u00fcrk Mahallesi), Muradiye Sa\u011fl\u0131k Merkezi, Seyitli Hal\u0131 Sahas\u0131 ve Asmac\u0131k D\u00fc\u011f\u00fcn Salonu. Tabiat Park\u0131\u2019na ba\u015flang\u0131\u00e7ta Emekli Kafe a\u00e7may\u0131 planlam\u0131\u015ft\u0131k ancak ula\u015f\u0131m zorlu\u011fu nedeniyle buray\u0131 Gen\u00e7lik Kafeye d\u00f6n\u00fc\u015ft\u00fcrd\u00fck. Gen\u00e7ler burada 50 TL\u2019ye \u00e7ay, 150 TL\u2019ye kahve i\u00e7mek yerine 5 TL\u2019ye \u00e7ay, 10 TL\u2019ye kahve i\u00e7ebilecek. Emekli Kafe i\u00e7inse Laleli\u2019de bah\u00e7eli, merkezi bir yer tuttuk. \u015eu anda tadilat \u00e7al\u0131\u015fmalar\u0131 s\u00fcr\u00fcyor. 15 Aral\u0131k\u2019a kadar oray\u0131 da hizmete a\u00e7aca\u011f\u0131z.&#8221; diye konu\u015ftu.<\/p>\n<p>Yuntda\u011f\u0131 i\u00e7in yeni projeler<br \/>\n<br \/>Yuntda\u011f\u0131 b\u00f6lgesinde de hizmetlerin s\u00fcrd\u00fc\u011f\u00fcn\u00fc belirten Ba\u015fkan Balaban, &#8220;Manisa B\u00fcy\u00fck\u015fehir Belediye Ba\u015fkan\u0131m\u0131z Besim Dutlulu ile birlikte Seyitli, Osmancal\u0131, Ba\u011fyolu ve Yayla mahallelerini gezdik. Art\u0131k bize ve B\u00fcy\u00fck\u015fehir\u2019e b\u00fcy\u00fck bir ilgi var, bu da bizi umutland\u0131r\u0131yor. Yayla K\u00f6y\u00fc\u2019ne d\u00fc\u011f\u00fcn salonu yap\u0131m\u0131 konusunda Besim Ba\u015fkan\u2019la anla\u015ft\u0131k; ihalesini biz \u00fcstlenece\u011fiz, maliyeti yar\u0131 yar\u0131ya payla\u015faca\u011f\u0131z. Ayr\u0131ca 2026 Haziran\u2019a kadar Karak\u0131l\u0131\u00e7l\u0131\u2019ya da bir d\u00fc\u011f\u00fcn salonu kazand\u0131raca\u011f\u0131z&#8221; diye konu\u015ftu.<br \/>\n<br \/>Hizmetleri oy oran\u0131na g\u00f6re de\u011fil, ihtiya\u00e7lara g\u00f6re yapt\u0131klar\u0131n\u0131 vurgulayan Balaban, &#8220;Bu b\u00f6lgeler partimizin en az oy ald\u0131\u011f\u0131 yerler ama biz kime oy verirse versin herkese e\u015fit hizmet g\u00f6t\u00fcr\u00fcyoruz. Bu, bizim y\u00f6netim anlay\u0131\u015f\u0131m\u0131z\u0131n temel felsefesidir&#8221; dedi.<\/p>\n<p>C\u0130MER \u015fikayetleri y\u00fczde 90 azald\u0131<br \/>\n<br \/>Ba\u015fkan Balaban, Hayvan Ya\u015fam Merkezi\u2019nin hizmete girmesiyle sokak hayvanlar\u0131 konusunda b\u00fcy\u00fck bir mesafe kat edildi\u011finin de alt\u0131n\u0131 \u00e7izdi. &#8220;Hem hayvansever vatanda\u015flar\u0131m\u0131z\u0131 hem de bu konuda rahats\u0131zl\u0131k duyan vatanda\u015flar\u0131m\u0131z\u0131 incitmeden, denge i\u00e7inde y\u00fcr\u00fct\u00fcyoruz&#8221; diyen Ba\u015fkan Semih Balaban s\u00f6zlerini \u015f\u00f6yle s\u00fcrd\u00fcrd\u00fc: &#8220;Ba\u015fkan Yard\u0131mc\u0131m\u0131z Mehmet Mesut Do\u011fan\u2019\u0131n b\u00fcy\u00fck gayretleriyle ciddi bir ilerleme kaydettik. D\u00fcn \u0130\u00e7i\u015fleri Bakan Yard\u0131mc\u0131s\u0131\u2019n\u0131n, valimizin, kaymakamlar\u0131m\u0131z\u0131n ve belediye ba\u015fkanlar\u0131m\u0131z\u0131n kat\u0131ld\u0131\u011f\u0131 uzun bir toplant\u0131 yap\u0131ld\u0131. Bakan Yard\u0131mc\u0131m\u0131z, Yunusemre Belediyesi\u2019nin bu alandaki b\u00fct\u00e7e kullan\u0131m\u0131nda Ege B\u00f6lgesi rekoru k\u0131rd\u0131\u011f\u0131n\u0131 ifade etti. Hen\u00fcz y\u0131l bitmeden b\u00fct\u00e7emizin y\u00fczde 139\u2019unu kullanm\u0131\u015f\u0131z. Bu oran i\u00e7in \u2019rekordur\u2019 diyerek belediyemize te\u015fekk\u00fcr etti. Ayr\u0131ca C\u0130MER\u2019e yap\u0131lan \u015fik\u00e2yetlerde y\u00fczde 90 oran\u0131nda azalma oldu. \u015eu anda bin 300 sokak k\u00f6pe\u011fimiz bak\u0131m merkezimizde bulunuyor. Onlar\u0131n da birer can oldu\u011funun fark\u0131nday\u0131z. Hem hayvansever vatanda\u015flar\u0131m\u0131z\u0131 hem de bu konuda rahats\u0131zl\u0131k duyan vatanda\u015flar\u0131m\u0131z\u0131 incitmeden, denge i\u00e7inde y\u00fcr\u00fct\u00fcyoruz. Sorun tamamen \u00e7\u00f6z\u00fclmedi ancak b\u00fcy\u00fck \u00f6l\u00e7\u00fcde kontrol alt\u0131na al\u0131nd\u0131. \u00dc\u00e7 y\u0131l i\u00e7inde bu sorunu insani bir yakla\u015f\u0131mla tamamen \u00e7\u00f6zece\u011fiz.&#8221;<\/p>\n<p>&#8220;Kurultay delegeli\u011fi talebim olmad\u0131&#8221;<br \/>\n<br \/>Partisinin il kongresine ili\u015fkin sorular\u0131 da yan\u0131tlayan Ba\u015fkan Balaban, kurultay delegesi listesinde yer almamas\u0131na dair \u015fu a\u00e7\u0131klamay\u0131 yapt\u0131: &#8220;19 Ekim\u2019de ger\u00e7ekle\u015ftirilen kongrede \u0130l Ba\u015fkan\u0131m\u0131z \u0130lksen \u00d6zalper g\u00fcven tazeledi. Bu s\u00fcreci antidemokratik de\u011fil, partimizin birlik ve beraberli\u011finin g\u00f6stergesi olarak g\u00f6r\u00fcyorum. \u0130lksen Ba\u015fkan, bug\u00fcne kadar gelmi\u015f ge\u00e7mi\u015f en ba\u015far\u0131l\u0131 il ba\u015fkanlar\u0131ndan biridir. Onun d\u00f6neminde 15 belediye ve B\u00fcy\u00fck\u015fehir kazan\u0131ld\u0131. Genel Ba\u015fkan\u0131m\u0131z \u00d6zg\u00fcr \u00d6zel de \u00e7ok ba\u015far\u0131l\u0131 bir performans sergiliyor. Sonuna kadar arkas\u0131nday\u0131z. Bas\u0131nda \u2018Semih Balaban kurultay delegesi yaz\u0131lmad\u0131\u2019 \u015feklinde haberler \u00e7\u0131kt\u0131. Burada ilk kez s\u00f6yl\u00fcyorum: Benim b\u00f6yle bir talebim olmad\u0131. \u0130lksen Ba\u015fkan yazmak istedi ama \u2018gerek yok\u2019 dedim. \u00c7\u00fcnk\u00fc \u00f6rg\u00fctlerimiz \u00f6nceliklidir. Yunusemre \u0130l\u00e7e Ba\u015fkan\u0131m\u0131z siyaseten benim amirimdir. Bu y\u00fczden kurultay delegesi olarak G\u00fcl\u015fah Ba\u015fkan yaz\u0131ld\u0131. Bu konuda hi\u00e7bir sorun ya\u015fanmad\u0131.&#8221;<br \/><\/p>\n","protected":false},"excerpt":{"rendered":"<p>Yunusemre Belediye Ba\u015fkan\u0131 Semih Balaban, ekim ay\u0131 ola\u011fan bas\u0131n toplant\u0131s\u0131nda belediyenin y\u00fcr\u00fctt\u00fc\u011f\u00fc projeler ve \u00e7al\u0131\u015fmalar hakk\u0131nda bilgi verdi. Ba\u015fkan Balaban, kas\u0131m ay\u0131 i\u00e7inde tamamlanacak yat\u0131r\u0131mlarla birlikte 12 tesisi il\u00e7eye kazand\u0131racaklar\u0131n\u0131 belirterek, &#8220;Bug\u00fcne kadar \u2018hi\u00e7bir \u015fey yap\u0131lm\u0131yor\u2019 diyenlere en g\u00fczel cevab\u0131 bu a\u00e7\u0131l\u0131\u015flarla verece\u011fiz&#8221; dedi. Yunusemre Belediye Ba\u015fkan\u0131 Semih Balaban, ayl\u0131k ola\u011fan bas\u0131n toplant\u0131s\u0131nda, belediyenin yapt\u0131\u011f\u0131&#8230;<\/p>\n","protected":false},"author":1,"featured_media":63355,"comment_status":"open","ping_status":"open","sticky":false,"template":"","format":"standard","meta":{"_crdt_document":"","footnotes":""},"categories":[127],"tags":[],"class_list":["post-63354","post","type-post","status-publish","format-standard","has-post-thumbnail","hentry","category-siyaset"],"_links":{"self":[{"href":"https:\/\/www.egemtv.com\/index.php?rest_route=\/wp\/v2\/posts\/63354","targetHints":{"allow":["GET"]}}],"collection":[{"href":"https:\/\/www.egemtv.com\/index.php?rest_route=\/wp\/v2\/posts"}],"about":[{"href":"https:\/\/www.egemtv.com\/index.php?rest_route=\/wp\/v2\/types\/post"}],"author":[{"embeddable":true,"href":"https:\/\/www.egemtv.com\/index.php?rest_route=\/wp\/v2\/users\/1"}],"replies":[{"embeddable":true,"href":"https:\/\/www.egemtv.com\/index.php?rest_route=%2Fwp%2Fv2%2Fcomments&post=63354"}],"version-history":[{"count":1,"href":"https:\/\/www.egemtv.com\/index.php?rest_route=\/wp\/v2\/posts\/63354\/revisions"}],"predecessor-version":[{"id":63356,"href":"https:\/\/www.egemtv.com\/index.php?rest_route=\/wp\/v2\/posts\/63354\/revisions\/63356"}],"wp:featuredmedia":[{"embeddable":true,"href":"https:\/\/www.egemtv.com\/index.php?rest_route=\/wp\/v2\/media\/63355"}],"wp:attachment":[{"href":"https:\/\/www.egemtv.com\/index.php?rest_route=%2Fwp%2Fv2%2Fmedia&parent=63354"}],"wp:term":[{"taxonomy":"category","embeddable":true,"href":"https:\/\/www.egemtv.com\/index.php?rest_route=%2Fwp%2Fv2%2Fcategories&post=63354"},{"taxonomy":"post_tag","embeddable":true,"href":"https:\/\/www.egemtv.com\/index.php?rest_route=%2Fwp%2Fv2%2Ftags&post=63354"}],"curies":[{"name":"wp","href":"https:\/\/api.w.org\/{rel}","templated":true}]}}