{"id":63351,"date":"2025-10-23T14:35:46","date_gmt":"2025-10-23T11:35:46","guid":{"rendered":"https:\/\/www.egemtv.com\/?p=63351"},"modified":"2025-10-23T14:35:48","modified_gmt":"2025-10-23T11:35:48","slug":"muglanin-turizm-vizyonu-antalyada-tanitildi","status":"publish","type":"post","link":"https:\/\/www.egemtv.com\/?p=63351","title":{"rendered":"Mu\u011fla\u2019n\u0131n turizm vizyonu Antalya\u2019da tan\u0131t\u0131ld\u0131"},"content":{"rendered":"<p>T\u00fcrkiye\u2019nin ve Akdeniz\u2019in en verimli turizm bulu\u015fmalar\u0131ndan biri olarak kabul edilen Uluslararas\u0131 Antalya Turizm Fuar\u0131 (ATF), bu y\u0131l 22-23-24 Ekim 2025 tarihlerinde Antalya Uluslararas\u0131 Fuar ve Kongre Merkezi\u2019nde 7\u2019nci kez kap\u0131lar\u0131n\u0131 a\u00e7t\u0131.<br \/>\n<br \/>Turizm sekt\u00f6r\u00fcn\u00fcn \u00f6nde gelen temsilcilerini bulu\u015fturan fuarda, yabanc\u0131 seyahat acenteleri, T\u00fcrkiye\u2019nin kaynak pazarlardaki g\u00fc\u00e7l\u00fc tur operat\u00f6rleri, uluslararas\u0131 standartlarda hizmet veren konaklama tesisleri ile sekt\u00f6re teknoloji, hizmet ve bilgi sa\u011flayan firmalar yer ald\u0131.<br \/>\n<br \/>Mu\u011fla stand\u0131na yo\u011fun ilgi<br \/>\n<br \/>Fuar\u0131n en \u00e7ok ziyaret edilen stantlar\u0131ndan biri Mu\u011fla oldu. B\u00fcy\u00fck\u015fehir Belediyesi ile Fethiye, Bodrum, Seydikemer ve Dat\u00e7a Belediyeleri, Mu\u011fla\u2019n\u0131n do\u011fal g\u00fczelliklerini, tarihi zenginliklerini ve s\u00fcrd\u00fcr\u00fclebilir turizm hedeflerini kat\u0131l\u0131mc\u0131larla payla\u015ft\u0131.<br \/>\n<br \/>Fuarda Seydikemer Kaymakam\u0131 Mustafa Dilekli, Seydikemer Belediye Ba\u015fkan\u0131 B. \u00d6nder Akdenizli, Dat\u00e7a Belediye Ba\u015fkan\u0131 Ayta\u00e7 Kurt ve Marmaris Belediye Ba\u015fkan\u0131 Acar \u00dcnl\u00fc Mu\u011fla stand\u0131n\u0131 ziyaret etti. Kat\u0131l\u0131mc\u0131lar, fuar boyunca 2026 turizm sezonuna ili\u015fkin i\u015f birlikleri ve tan\u0131t\u0131m \u00e7al\u0131\u015fmalar\u0131 konusunda de\u011ferlendirmelerde bulundu.<br \/>\n<br \/>Mu\u011fla B\u00fcy\u00fck\u015fehir Belediyesi, 2026 turizm sezonunun kent genelinde daha verimli ve etkin ge\u00e7mesi amac\u0131yla T\u00fcrkiye turizminin \u00f6nde gelen seyahat acenteleri ve tur operat\u00f6rleriyle g\u00f6r\u00fc\u015fmeler ger\u00e7ekle\u015ftirdi.<br \/>\n<br \/>Ba\u015fkan Aras: &#8220;Mu\u011fla\u2019y\u0131 d\u00f6rt mevsim ya\u015fanabilir bir turizm kenti yapmak i\u00e7in \u00e7al\u0131\u015f\u0131yoruz&#8221;<br \/>\n<br \/>K\u0131y\u0131 Ege Belediyeler Birli\u011fi ve Mu\u011fla B\u00fcy\u00fck\u015fehir Belediye Ba\u015fkan\u0131 Ahmet Aras, Uluslararas\u0131 Antalya Turizm Fuar\u0131\u2019nda yap\u0131lan g\u00f6r\u00fc\u015fmelerin ard\u0131ndan Mu\u011fla\u2019n\u0131n turizm vizyonuna ili\u015fkin de\u011ferlendirmelerde bulundu.<br \/>\n<br \/>Ba\u015fkan Aras, &#8220;Mu\u011fla, sahip oldu\u011fu do\u011fal g\u00fczellikleri, tarihi miras\u0131, gastronomisi ve misafirperver insanlar\u0131yla T\u00fcrkiye\u2019nin en \u00f6zel destinasyonlar\u0131ndan biri. Ancak biz bu zenginli\u011fi sadece yaz sezonuna s\u0131\u011fd\u0131rmak istemiyoruz. Amac\u0131m\u0131z, Mu\u011fla\u2019y\u0131 d\u00f6rt mevsim ya\u015fanabilir bir turizm kenti haline getirmek. Bu kapsamda s\u00fcrd\u00fcr\u00fclebilir turizm anlay\u0131\u015f\u0131n\u0131 benimsiyor, yerel de\u011ferlerimizi koruyarak turizmin \u00e7e\u015fitlenmesini sa\u011fl\u0131yoruz&#8221; dedi.<br \/>\n<br \/>Ba\u015fkan Aras ayr\u0131ca, turizmin yerel kalk\u0131nmaya olan katk\u0131s\u0131na dikkat \u00e7ekerek, &#8220;Mu\u011fla\u2019m\u0131z\u0131n her k\u00f6\u015fesinde turizmin planl\u0131 ve \u00e7evreyle uyumlu \u015fekilde geli\u015fmesi i\u00e7in belediyelerimizle, sekt\u00f6r temsilcilerimizle ve sivil toplum kurulu\u015flar\u0131m\u0131zla i\u015f birli\u011fi i\u00e7inde \u00e7al\u0131\u015fmaya devam edece\u011fiz&#8221; ifadelerini kulland\u0131.<br \/><\/p>\n","protected":false},"excerpt":{"rendered":"<p>T\u00fcrkiye\u2019nin ve Akdeniz\u2019in en verimli turizm bulu\u015fmalar\u0131ndan biri olarak kabul edilen Uluslararas\u0131 Antalya Turizm Fuar\u0131 (ATF), bu y\u0131l 22-23-24 Ekim 2025 tarihlerinde Antalya Uluslararas\u0131 Fuar ve Kongre Merkezi\u2019nde 7\u2019nci kez kap\u0131lar\u0131n\u0131 a\u00e7t\u0131. Turizm sekt\u00f6r\u00fcn\u00fcn \u00f6nde gelen temsilcilerini bulu\u015fturan fuarda, yabanc\u0131 seyahat acenteleri, T\u00fcrkiye\u2019nin kaynak pazarlardaki g\u00fc\u00e7l\u00fc tur operat\u00f6rleri, uluslararas\u0131 standartlarda hizmet veren konaklama tesisleri ile&#8230;<\/p>\n","protected":false},"author":1,"featured_media":63352,"comment_status":"open","ping_status":"open","sticky":false,"template":"","format":"standard","meta":{"_crdt_document":"","footnotes":""},"categories":[1],"tags":[],"class_list":["post-63351","post","type-post","status-publish","format-standard","has-post-thumbnail","hentry","category-guncel"],"_links":{"self":[{"href":"https:\/\/www.egemtv.com\/index.php?rest_route=\/wp\/v2\/posts\/63351","targetHints":{"allow":["GET"]}}],"collection":[{"href":"https:\/\/www.egemtv.com\/index.php?rest_route=\/wp\/v2\/posts"}],"about":[{"href":"https:\/\/www.egemtv.com\/index.php?rest_route=\/wp\/v2\/types\/post"}],"author":[{"embeddable":true,"href":"https:\/\/www.egemtv.com\/index.php?rest_route=\/wp\/v2\/users\/1"}],"replies":[{"embeddable":true,"href":"https:\/\/www.egemtv.com\/index.php?rest_route=%2Fwp%2Fv2%2Fcomments&post=63351"}],"version-history":[{"count":1,"href":"https:\/\/www.egemtv.com\/index.php?rest_route=\/wp\/v2\/posts\/63351\/revisions"}],"predecessor-version":[{"id":63353,"href":"https:\/\/www.egemtv.com\/index.php?rest_route=\/wp\/v2\/posts\/63351\/revisions\/63353"}],"wp:featuredmedia":[{"embeddable":true,"href":"https:\/\/www.egemtv.com\/index.php?rest_route=\/wp\/v2\/media\/63352"}],"wp:attachment":[{"href":"https:\/\/www.egemtv.com\/index.php?rest_route=%2Fwp%2Fv2%2Fmedia&parent=63351"}],"wp:term":[{"taxonomy":"category","embeddable":true,"href":"https:\/\/www.egemtv.com\/index.php?rest_route=%2Fwp%2Fv2%2Fcategories&post=63351"},{"taxonomy":"post_tag","embeddable":true,"href":"https:\/\/www.egemtv.com\/index.php?rest_route=%2Fwp%2Fv2%2Ftags&post=63351"}],"curies":[{"name":"wp","href":"https:\/\/api.w.org\/{rel}","templated":true}]}}