{"id":63348,"date":"2025-10-23T14:35:43","date_gmt":"2025-10-23T11:35:43","guid":{"rendered":"https:\/\/www.egemtv.com\/?p=63348"},"modified":"2025-10-23T14:35:45","modified_gmt":"2025-10-23T11:35:45","slug":"kaza-riski-olusturan-noktalar-icin-calismalara-baslaniyor","status":"publish","type":"post","link":"https:\/\/www.egemtv.com\/?p=63348","title":{"rendered":"Kaza riski olu\u015fturan noktalar i\u00e7in \u00e7al\u0131\u015fmalara ba\u015flan\u0131yor"},"content":{"rendered":"<p>Denizli-Manisa yolunun Buldan kesiminde, \u00f6zellikle ya\u011f\u0131\u015fta artan kazalar nedeniyle iyile\u015ftirme \u00e7al\u0131\u015fmalar\u0131 h\u0131zla hayata ge\u00e7irilece\u011fi belirtildi. Ge\u00e7en hafta tur otob\u00fcs\u00fcn\u00fcn devrildi\u011fi kazan\u0131n ard\u0131ndan yol, \u0130l Koordinasyon Kurulu\u2019nda g\u00fcndeme al\u0131nd\u0131.<\/p>\n<p>Tur otob\u00fcs\u00fcn\u00fcn B\u00f6lmekaya Mahallesi yak\u0131nlar\u0131nda devrildi\u011fi, 1 ki\u015finin \u00f6ld\u00fc\u011f\u00fc ve 30\u2019dan fazla yaral\u0131n\u0131n bulundu\u011fu kaza sonras\u0131 Denizli Valisi \u00d6mer Faruk Co\u015fkun olay yerine giderek inceleme yapt\u0131. Vali\u2019ye Denizli Emniyet M\u00fcd\u00fcr\u00fc Yavuz Sa\u011fd\u0131\u00e7 e\u015flik etti; g\u00fczerg\u00e2htaki sorunlar sahada de\u011ferlendirildi. Olay\u0131n hemen ard\u0131ndan Denizli Valili\u011fi b\u00fcnyesinde \u0130l Koordinasyon Kurulu topland\u0131. Toplant\u0131da, Denizli\u2019yi Manisa ve dolayl\u0131 olarak \u0130zmir\u2019e ba\u011flayan ana aks\u0131n Buldan b\u00f6l\u00fcm\u00fcnde iyile\u015ftirme \u00e7al\u0131\u015fmalar\u0131n\u0131n &#8220;en k\u0131sa s\u00fcrede&#8221; ba\u015flamas\u0131 karar\u0131 \u00f6ne \u00e7\u0131kt\u0131. Denizli Valisi \u00d6mer Faruk Co\u015fkun, yolun Karayollar\u0131 M\u00fcd\u00fcrl\u00fc\u011f\u00fc koordinesinde ele al\u0131nmas\u0131 i\u00e7in s\u00fcre\u00e7lerin ba\u015flat\u0131ld\u0131\u011f\u0131n\u0131 belirtti. Planlamada, Denizli-Buldan ve Buldan-Sar\u0131g\u00f6l aras\u0131nda kazalara neden olan hatal\u0131 kesimlerin d\u00fczeltilmesi \u00f6nceliklendirilirken, \u00f6zellikle ya\u011f\u0131\u015fl\u0131 havalarda risk olu\u015fturan noktalara m\u00fcdahale edilecek.<\/p>\n<p>Ya\u011f\u0131\u015fta risk artan g\u00fczerg\u00e2h<br \/>\n<br \/>Denizli-Buldan ve Buldan-Sar\u0131g\u00f6l aras\u0131ndaki b\u00f6l\u00fcm, \u00f6zellikle ya\u011fmurlu havalarda kayganla\u015fan zemin ve g\u00f6r\u00fc\u015f d\u00fc\u015f\u00fckl\u00fc\u011f\u00fc nedeniyle s\u0131k kazalarla g\u00fcndeme geliyor. \u0130yile\u015ftirmede; y\u00fczey yenileme, drenaj, yatay-d\u00fc\u015fey i\u015faretleme, bariyer ve kav\u015fak d\u00fczenlemeleri gibi \u00f6nlemler masada oldu\u011fu belirtildi.<br \/><\/p>\n","protected":false},"excerpt":{"rendered":"<p>Denizli-Manisa yolunun Buldan kesiminde, \u00f6zellikle ya\u011f\u0131\u015fta artan kazalar nedeniyle iyile\u015ftirme \u00e7al\u0131\u015fmalar\u0131 h\u0131zla hayata ge\u00e7irilece\u011fi belirtildi. Ge\u00e7en hafta tur otob\u00fcs\u00fcn\u00fcn devrildi\u011fi kazan\u0131n ard\u0131ndan yol, \u0130l Koordinasyon Kurulu\u2019nda g\u00fcndeme al\u0131nd\u0131. Tur otob\u00fcs\u00fcn\u00fcn B\u00f6lmekaya Mahallesi yak\u0131nlar\u0131nda devrildi\u011fi, 1 ki\u015finin \u00f6ld\u00fc\u011f\u00fc ve 30\u2019dan fazla yaral\u0131n\u0131n bulundu\u011fu kaza sonras\u0131 Denizli Valisi \u00d6mer Faruk Co\u015fkun olay yerine giderek inceleme yapt\u0131. Vali\u2019ye&#8230;<\/p>\n","protected":false},"author":1,"featured_media":63349,"comment_status":"open","ping_status":"open","sticky":false,"template":"","format":"standard","meta":{"_crdt_document":"","footnotes":""},"categories":[5],"tags":[],"class_list":["post-63348","post","type-post","status-publish","format-standard","has-post-thumbnail","hentry","category-asayis"],"_links":{"self":[{"href":"https:\/\/www.egemtv.com\/index.php?rest_route=\/wp\/v2\/posts\/63348","targetHints":{"allow":["GET"]}}],"collection":[{"href":"https:\/\/www.egemtv.com\/index.php?rest_route=\/wp\/v2\/posts"}],"about":[{"href":"https:\/\/www.egemtv.com\/index.php?rest_route=\/wp\/v2\/types\/post"}],"author":[{"embeddable":true,"href":"https:\/\/www.egemtv.com\/index.php?rest_route=\/wp\/v2\/users\/1"}],"replies":[{"embeddable":true,"href":"https:\/\/www.egemtv.com\/index.php?rest_route=%2Fwp%2Fv2%2Fcomments&post=63348"}],"version-history":[{"count":1,"href":"https:\/\/www.egemtv.com\/index.php?rest_route=\/wp\/v2\/posts\/63348\/revisions"}],"predecessor-version":[{"id":63350,"href":"https:\/\/www.egemtv.com\/index.php?rest_route=\/wp\/v2\/posts\/63348\/revisions\/63350"}],"wp:featuredmedia":[{"embeddable":true,"href":"https:\/\/www.egemtv.com\/index.php?rest_route=\/wp\/v2\/media\/63349"}],"wp:attachment":[{"href":"https:\/\/www.egemtv.com\/index.php?rest_route=%2Fwp%2Fv2%2Fmedia&parent=63348"}],"wp:term":[{"taxonomy":"category","embeddable":true,"href":"https:\/\/www.egemtv.com\/index.php?rest_route=%2Fwp%2Fv2%2Fcategories&post=63348"},{"taxonomy":"post_tag","embeddable":true,"href":"https:\/\/www.egemtv.com\/index.php?rest_route=%2Fwp%2Fv2%2Ftags&post=63348"}],"curies":[{"name":"wp","href":"https:\/\/api.w.org\/{rel}","templated":true}]}}