{"id":63345,"date":"2025-10-23T14:35:41","date_gmt":"2025-10-23T11:35:41","guid":{"rendered":"https:\/\/www.egemtv.com\/?p=63345"},"modified":"2025-10-23T14:35:42","modified_gmt":"2025-10-23T11:35:42","slug":"tavas-belediyesi-filosuna-bir-arac-daha-ekledi","status":"publish","type":"post","link":"https:\/\/www.egemtv.com\/?p=63345","title":{"rendered":"Tavas Belediyesi filosuna bir ara\u00e7 daha ekledi"},"content":{"rendered":"<p>Tavas Belediyesi Park ve Bah\u00e7eler M\u00fcd\u00fcrl\u00fc\u011f\u00fc b\u00fcnyesinde saha \u00e7al\u0131\u015fmalar\u0131nda kullan\u0131lmak \u00fczere filosuna bir ara\u00e7 dahil etti.<br \/>\n<br \/>Tavas Belediyesi Park ve Bah\u00e7eler M\u00fcd\u00fcrl\u00fc\u011f\u00fc, saha \u00e7al\u0131\u015fmalar\u0131nda kullan\u0131lmak \u00fczere 2025 model \u00e7ift kabinli arac\u0131 filoya dahil etti. Yeni arac\u0131n, sahada g\u00f6rev yapan ekiplerin ula\u015f\u0131m ve ekipman ta\u015f\u0131ma kapasitesini art\u0131rarak hizmet kalitesini y\u00fckseltece\u011fi belirtildi. Tavas Belediye Ba\u015fkan\u0131 Kadir Tat\u0131k, &#8220;Daha ye\u015fil, daha d\u00fczenli ve daha ya\u015fanabilir bir Tavas i\u00e7in \u00e7al\u0131\u015fmalar\u0131m\u0131z aral\u0131ks\u0131z s\u00fcrecek&#8221; dedi.<br \/><\/p>\n","protected":false},"excerpt":{"rendered":"<p>Tavas Belediyesi Park ve Bah\u00e7eler M\u00fcd\u00fcrl\u00fc\u011f\u00fc b\u00fcnyesinde saha \u00e7al\u0131\u015fmalar\u0131nda kullan\u0131lmak \u00fczere filosuna bir ara\u00e7 dahil etti. Tavas Belediyesi Park ve Bah\u00e7eler M\u00fcd\u00fcrl\u00fc\u011f\u00fc, saha \u00e7al\u0131\u015fmalar\u0131nda kullan\u0131lmak \u00fczere 2025 model \u00e7ift kabinli arac\u0131 filoya dahil etti. Yeni arac\u0131n, sahada g\u00f6rev yapan ekiplerin ula\u015f\u0131m ve ekipman ta\u015f\u0131ma kapasitesini art\u0131rarak hizmet kalitesini y\u00fckseltece\u011fi belirtildi. Tavas Belediye Ba\u015fkan\u0131 Kadir Tat\u0131k,&#8230;<\/p>\n","protected":false},"author":1,"featured_media":63346,"comment_status":"open","ping_status":"open","sticky":false,"template":"","format":"standard","meta":{"_crdt_document":"","footnotes":""},"categories":[125],"tags":[],"class_list":["post-63345","post","type-post","status-publish","format-standard","has-post-thumbnail","hentry","category-ekonomi"],"_links":{"self":[{"href":"https:\/\/www.egemtv.com\/index.php?rest_route=\/wp\/v2\/posts\/63345","targetHints":{"allow":["GET"]}}],"collection":[{"href":"https:\/\/www.egemtv.com\/index.php?rest_route=\/wp\/v2\/posts"}],"about":[{"href":"https:\/\/www.egemtv.com\/index.php?rest_route=\/wp\/v2\/types\/post"}],"author":[{"embeddable":true,"href":"https:\/\/www.egemtv.com\/index.php?rest_route=\/wp\/v2\/users\/1"}],"replies":[{"embeddable":true,"href":"https:\/\/www.egemtv.com\/index.php?rest_route=%2Fwp%2Fv2%2Fcomments&post=63345"}],"version-history":[{"count":1,"href":"https:\/\/www.egemtv.com\/index.php?rest_route=\/wp\/v2\/posts\/63345\/revisions"}],"predecessor-version":[{"id":63347,"href":"https:\/\/www.egemtv.com\/index.php?rest_route=\/wp\/v2\/posts\/63345\/revisions\/63347"}],"wp:featuredmedia":[{"embeddable":true,"href":"https:\/\/www.egemtv.com\/index.php?rest_route=\/wp\/v2\/media\/63346"}],"wp:attachment":[{"href":"https:\/\/www.egemtv.com\/index.php?rest_route=%2Fwp%2Fv2%2Fmedia&parent=63345"}],"wp:term":[{"taxonomy":"category","embeddable":true,"href":"https:\/\/www.egemtv.com\/index.php?rest_route=%2Fwp%2Fv2%2Fcategories&post=63345"},{"taxonomy":"post_tag","embeddable":true,"href":"https:\/\/www.egemtv.com\/index.php?rest_route=%2Fwp%2Fv2%2Ftags&post=63345"}],"curies":[{"name":"wp","href":"https:\/\/api.w.org\/{rel}","templated":true}]}}