{"id":63342,"date":"2025-10-23T14:35:40","date_gmt":"2025-10-23T11:35:40","guid":{"rendered":"https:\/\/www.egemtv.com\/?p=63342"},"modified":"2025-10-23T14:35:41","modified_gmt":"2025-10-23T11:35:41","slug":"dto-kobiler-icin-bir-ilke-daha-imza-atti","status":"publish","type":"post","link":"https:\/\/www.egemtv.com\/?p=63342","title":{"rendered":"DTO, KOB\u0130\u2019ler i\u00e7in bir ilke daha imza att\u0131"},"content":{"rendered":"<p>Denizli Ticaret Odas\u0131 (DTO) KOB\u0130\u2019lerin dijital d\u00f6n\u00fc\u015f\u00fcm\u00fcn\u00fc h\u0131zland\u0131rmak amac\u0131yla hayata ge\u00e7irilen i\u015f birliklerine bir yenisini daha ekledi. \u0130\u015f birli\u011fi kapsam\u0131nda, Ege B\u00f6lgesi\u2019nde ilk olarak DTO\u2019nun \u00fcyeleri, platformun sundu\u011fu e-d\u00f6n\u00fc\u015f\u00fcm \u00e7\u00f6z\u00fcmlerinden yararlanma f\u0131rsat\u0131 elde etti.<\/p>\n<p>Vak\u0131f Kat\u0131l\u0131m, t\u00fcm KOB\u0130 ve i\u015fletmelerin hayat\u0131n\u0131 kolayla\u015ft\u0131racak e-Y\u00f6netim Platformu olan p@ket\u2019i devreye ald\u0131. Denizli Ticaret Odas\u0131 ile bir i\u015f birli\u011fine imza att\u0131. Firmalar\u0131n finansal ve operasyonel ihtiya\u00e7lar\u0131na tek noktadan eri\u015fim sa\u011flayan p@ket ile, Ege B\u00f6lgesi\u2019nde ilk olarak DTO \u00fcyeleri e-d\u00f6n\u00fc\u015f\u00fcm hizmetlerinden \u00fccretsiz faydalanacak. Vak\u0131f Kat\u0131l\u0131m Nakit Y\u00f6netimi ve Sigorta Y\u00f6netimi Ba\u015fkan\u0131 Taner Akkurt, konuyla ilgili yapt\u0131\u011f\u0131 a\u00e7\u0131klamada \u015funlar\u0131 s\u00f6yledi: &#8220;Denizli, \u00fclkemizin \u00fcretim g\u00fcc\u00fcnde ve ihracat kapasitesinde stratejik \u00f6neme sahip \u015fehirlerinden biridir. Vak\u0131f Kat\u0131l\u0131m olarak, KOB\u0130\u2019lerimizin dijital d\u00f6n\u00fc\u015f\u00fcm s\u00fcre\u00e7lerini desteklemek amac\u0131yla geli\u015ftirdi\u011fimiz p@ket e-Y\u00f6netim Platformu ile, finansal i\u015flemler ve \u00f6n muhasebe s\u00fcre\u00e7lerinin tamam\u0131n\u0131 sadece bir uygulama \u00fczerinden y\u00f6netme imk\u00e2n\u0131 sunuyoruz. Bu i\u015f birli\u011fimiz ile Denizli\u2019deki i\u015fletmelerin i\u015f y\u00fcklerini hafifletmeyi, zaman tasarrufu sa\u011flamay\u0131 ve finansal y\u00f6netimlerini daha verimli hale getirmeyi ama\u00e7lad\u0131k. Dijitalle\u015fmenin rekabet g\u00fcc\u00fcn\u00fc art\u0131raca\u011f\u0131na inan\u0131yoruz ve Denizli Ticaret Odas\u0131 ile imzalad\u0131\u011f\u0131m\u0131z protokol\u00fcn \u015fehirdeki i\u015fletmelere de\u011fer katmas\u0131n\u0131 diliyoruz. Denizli Ticaret Odas\u0131 ile ba\u015flatt\u0131\u011f\u0131m\u0131z bu i\u015f birli\u011finin b\u00f6lgedeki i\u015fletmelerimize g\u00fc\u00e7l\u00fc bir dijital d\u00f6n\u00fc\u015f\u00fcm deste\u011fi sunaca\u011f\u0131n\u0131 da d\u00fc\u015f\u00fcn\u00fcyoruz. T\u00fcm payda\u015flar\u0131m\u0131za te\u015fekk\u00fcr ediyor, protokol\u00fcm\u00fcz\u00fcn hay\u0131rl\u0131 olmas\u0131n\u0131 diliyoruz.&#8221;<\/p>\n<p>&#8220;T\u00fcm \u00e7abam\u0131z, \u00fcyelerimizin daha iyi imk\u00e2nlara kavu\u015fmalar\u0131 i\u00e7in&#8221;<br \/>\n<br \/>DTO Y\u00f6netim Kurulu Ba\u015fkan\u0131 U\u011fur Erdo\u011fan ise \u00fcyelerinin finansal altyap\u0131lar\u0131n\u0131n ve hizmet \u015fartlar\u0131n\u0131n iyile\u015ftirilmesi y\u00f6n\u00fcndeki \u00e7al\u0131\u015fmalar\u0131n\u0131 s\u00fcrd\u00fcklerini belirterek yeni i\u015f birli\u011finin sekt\u00f6rler i\u00e7in hay\u0131rl\u0131 ve u\u011furlu olmas\u0131n\u0131 diledi. Ba\u015fkan Erdo\u011fan, &#8220;\u00dcyelerimizin dijitalle\u015fme s\u00fcre\u00e7lerine katk\u0131 sa\u011flamak, finansal i\u015flemlerini daha h\u0131zl\u0131 ve kolay hale getirmek, \u00f6ncelikli hedeflerimiz aras\u0131nda yer al\u0131yor. Vak\u0131f Kat\u0131l\u0131m ile hayata ge\u00e7irdi\u011fimiz bu protokol sayesinde \u00fcyelerimiz, bankac\u0131l\u0131k i\u015flemlerini fiziksel evrakla u\u011fra\u015fmadan dijital ortamda ger\u00e7ekle\u015ftirebilecekler. Ayn\u0131 zamanda e-d\u00f6n\u00fc\u015f\u00fcm \u00e7\u00f6z\u00fcmlerine de eri\u015fim sa\u011flayarak operasyonel s\u00fcre\u00e7lerinde h\u0131z ve verimlilik avantaj\u0131 elde edecekler. Bu i\u015f birli\u011finin, Denizli i\u015f d\u00fcnyas\u0131n\u0131n rekabet g\u00fcc\u00fcn\u00fc art\u0131raca\u011f\u0131na inan\u0131yoruz ve t\u00fcm \u00fcyelerimize hay\u0131rl\u0131 olmas\u0131n\u0131 diliyoruz&#8221; dedi.<br \/>\n<br \/>\u0130kili, kurumlar\u0131 aras\u0131ndaki i\u015f birli\u011fi protokol\u00fcn\u00fc DTO hizmet binas\u0131n\u0131n ba\u015fkanl\u0131k makam\u0131nda d\u00fczenlenen t\u00f6renle imzalad\u0131.<br \/><\/p>\n","protected":false},"excerpt":{"rendered":"<p>Denizli Ticaret Odas\u0131 (DTO) KOB\u0130\u2019lerin dijital d\u00f6n\u00fc\u015f\u00fcm\u00fcn\u00fc h\u0131zland\u0131rmak amac\u0131yla hayata ge\u00e7irilen i\u015f birliklerine bir yenisini daha ekledi. \u0130\u015f birli\u011fi kapsam\u0131nda, Ege B\u00f6lgesi\u2019nde ilk olarak DTO\u2019nun \u00fcyeleri, platformun sundu\u011fu e-d\u00f6n\u00fc\u015f\u00fcm \u00e7\u00f6z\u00fcmlerinden yararlanma f\u0131rsat\u0131 elde etti. Vak\u0131f Kat\u0131l\u0131m, t\u00fcm KOB\u0130 ve i\u015fletmelerin hayat\u0131n\u0131 kolayla\u015ft\u0131racak e-Y\u00f6netim Platformu olan p@ket\u2019i devreye ald\u0131. Denizli Ticaret Odas\u0131 ile bir i\u015f birli\u011fine&#8230;<\/p>\n","protected":false},"author":1,"featured_media":63343,"comment_status":"open","ping_status":"open","sticky":false,"template":"","format":"standard","meta":{"_crdt_document":"","footnotes":""},"categories":[125],"tags":[],"class_list":["post-63342","post","type-post","status-publish","format-standard","has-post-thumbnail","hentry","category-ekonomi"],"_links":{"self":[{"href":"https:\/\/www.egemtv.com\/index.php?rest_route=\/wp\/v2\/posts\/63342","targetHints":{"allow":["GET"]}}],"collection":[{"href":"https:\/\/www.egemtv.com\/index.php?rest_route=\/wp\/v2\/posts"}],"about":[{"href":"https:\/\/www.egemtv.com\/index.php?rest_route=\/wp\/v2\/types\/post"}],"author":[{"embeddable":true,"href":"https:\/\/www.egemtv.com\/index.php?rest_route=\/wp\/v2\/users\/1"}],"replies":[{"embeddable":true,"href":"https:\/\/www.egemtv.com\/index.php?rest_route=%2Fwp%2Fv2%2Fcomments&post=63342"}],"version-history":[{"count":1,"href":"https:\/\/www.egemtv.com\/index.php?rest_route=\/wp\/v2\/posts\/63342\/revisions"}],"predecessor-version":[{"id":63344,"href":"https:\/\/www.egemtv.com\/index.php?rest_route=\/wp\/v2\/posts\/63342\/revisions\/63344"}],"wp:featuredmedia":[{"embeddable":true,"href":"https:\/\/www.egemtv.com\/index.php?rest_route=\/wp\/v2\/media\/63343"}],"wp:attachment":[{"href":"https:\/\/www.egemtv.com\/index.php?rest_route=%2Fwp%2Fv2%2Fmedia&parent=63342"}],"wp:term":[{"taxonomy":"category","embeddable":true,"href":"https:\/\/www.egemtv.com\/index.php?rest_route=%2Fwp%2Fv2%2Fcategories&post=63342"},{"taxonomy":"post_tag","embeddable":true,"href":"https:\/\/www.egemtv.com\/index.php?rest_route=%2Fwp%2Fv2%2Ftags&post=63342"}],"curies":[{"name":"wp","href":"https:\/\/api.w.org\/{rel}","templated":true}]}}