{"id":63336,"date":"2025-10-23T14:35:35","date_gmt":"2025-10-23T11:35:35","guid":{"rendered":"https:\/\/www.egemtv.com\/?p=63336"},"modified":"2025-10-23T14:35:37","modified_gmt":"2025-10-23T11:35:37","slug":"alanya-universitesi-akademik-uretimde-yukselise-gecti","status":"publish","type":"post","link":"https:\/\/www.egemtv.com\/?p=63336","title":{"rendered":"Alanya \u00dcniversitesi akademik \u00fcretimde y\u00fckseli\u015fe ge\u00e7ti"},"content":{"rendered":"<p>D\u00fcnya genelinde \u00fcniversitelerin bilim alanlar\u0131ndaki performanslar\u0131n\u0131 de\u011ferlendiren URAP (University Ranking by Academic Performance), 2024-2025 d\u00f6nemi D\u00fcnya Alan S\u0131ralamalar\u0131 sonu\u00e7lar\u0131n\u0131 resmi internet sitesinden a\u00e7\u0131klad\u0131. Makale, at\u0131f ve proje verileri gibi nesnel g\u00f6stergelere dayanarak haz\u0131rlanan s\u0131ralamada Alanya \u00dcniversitesi \u00f6nemli bir ba\u015far\u0131 elde etti.<br \/>\n<br \/>Alanya \u00dcniversitesi, URAP verilerine g\u00f6re 2024 y\u0131l\u0131nda 83. s\u0131rada yer al\u0131rken, 2025 listesinde 79. s\u0131raya y\u00fckseldi. Toplam puan\u0131n\u0131 108,39\u2019dan 176,69\u2019a \u00e7\u0131karan Alanya \u00dcniversitesi, b\u00f6ylece y\u00fczde 63\u2019l\u00fck bir art\u0131\u015fla dikkat \u00e7ekici bir performans sergiledi. Bilimsel \u00fcretkenlik g\u00f6stergeleri incelendi\u011finde, makale puan\u0131n\u0131n 0,20\u2019den 30,91\u2019e, bilimsel dok\u00fcman puan\u0131n\u0131n ise 0,20\u2019den 14,56\u2019ya y\u00fckselmesi, \u00fcniversitenin son bir y\u0131lda akademik yay\u0131n ve ara\u015ft\u0131rma faaliyetlerinde ciddi bir ivme kazand\u0131\u011f\u0131n\u0131 ortaya koydu. T\u00dcB\u0130TAK proje puan\u0131n\u0131n 6,93\u2019ten 23,92\u2019ye, uluslararas\u0131 i\u015f birli\u011fi puan\u0131n\u0131n 2,46\u2019dan 8,47\u2019ye, yurti\u00e7i i\u015f birli\u011fi puan\u0131n\u0131n ise 0,49\u2019dan 7,59\u2019a y\u00fckselmesi de bu geli\u015fimi destekleyen veriler aras\u0131nda yer ald\u0131. URAP s\u0131ralamalar\u0131, yaln\u0131zca makale, at\u0131f, proje ve uluslararas\u0131 i\u015f birli\u011fi gibi \u00f6l\u00e7\u00fclebilir akademik g\u00f6stergelere dayan\u0131yor. Anket, ki\u015fisel kanaat ya da \u00f6znel de\u011ferlendirmeler s\u0131ralamaya dahil edilmiyor. Bu sayede elde edilen sonu\u00e7lar, tamamen nesnel verilere dayal\u0131 bir de\u011ferlendirme olarak kabul ediliyor.<\/p>\n<p>Y\u00fckseli\u015f 2025 y\u0131l\u0131nda da devam etti<br \/>\n<br \/>Alanya \u00dcniversitesi Rekt\u00f6r\u00fc Prof. Dr. Turan Sa\u011fer, URAP 2025 sonu\u00e7lar\u0131n\u0131 de\u011ferlendirdi. \u00dcniversitenin k\u0131sa s\u00fcrede g\u00f6sterdi\u011fi bu y\u00fckseli\u015fin g\u00fc\u00e7l\u00fc bir akademik eme\u011fin sonucu oldu\u011funu vurgulayan Prof. Dr. Sa\u011fer, &#8220;URAP bu y\u0131l de\u011ferlendirme g\u00f6stergelerini 9\u2019dan 15\u2019e \u00e7\u0131kard\u0131. Buna ra\u011fmen \u00fcniversitemiz, artan kriterler kar\u015f\u0131s\u0131nda dahi s\u0131ralamada y\u00fckselmeyi ba\u015fard\u0131. Bu sonu\u00e7, bilimsel \u00fcretkenli\u011fimizin ve ara\u015ft\u0131rma k\u00fclt\u00fcr\u00fcm\u00fcz\u00fcn kurumsalla\u015ft\u0131\u011f\u0131n\u0131 a\u00e7\u0131k bi\u00e7imde g\u00f6steriyor&#8221; dedi.<br \/>\n<br \/>Akademik yay\u0131nlar\u0131n bir \u00fcniversitenin bilgi \u00fcretme kapasitesine ve uluslararas\u0131 g\u00f6r\u00fcn\u00fcrl\u00fc\u011f\u00fcne do\u011frudan katk\u0131 sundu\u011funu belirten Sa\u011fer, &#8220;Makale ve proje say\u0131lar\u0131m\u0131zdaki art\u0131\u015f, ara\u015ft\u0131rma ekosistemimizin g\u00fc\u00e7lendi\u011fini g\u00f6steriyor. Bilimsel \u00fcretkenli\u011fi art\u0131rmak, sadece s\u0131ralamalarda de\u011fil, e\u011fitim kalitesi ve kurumsal itibar a\u00e7\u0131s\u0131ndan da b\u00fcy\u00fck \u00f6nem ta\u015f\u0131yor. K\u00fct\u00fcphane kaynaklar\u0131m\u0131z\u0131 zenginle\u015ftiriyor, akademik kadromuzu destekliyor, \u00f6\u011frencilerimiz i\u00e7in daha verimli bir ara\u015ft\u0131rma ortam\u0131 olu\u015fturuyoruz. Ara\u015ft\u0131rma projelerine, lisans\u00fcst\u00fc \u00e7al\u0131\u015fmalara ve uluslararas\u0131 ortakl\u0131klara yapt\u0131\u011f\u0131m\u0131z yat\u0131r\u0131mlar\u0131n kar\u015f\u0131l\u0131\u011f\u0131n\u0131 almaya ba\u015flad\u0131k. Hedefimiz, sadece ulusal de\u011fil, k\u00fcresel \u00f6l\u00e7ekte de ad\u0131ndan s\u00f6z ettiren bir \u00fcniversite olmak&#8221; ifadelerini kulland\u0131.<\/p>\n<p>Akademik ve idari personele te\u015fekk\u00fcr<br \/>\n<br \/>Bu ba\u015far\u0131n\u0131n t\u00fcm akademik ve idari kadronun \u00f6zverili gayretiyle ger\u00e7ekle\u015fti\u011fini s\u00f6zlerine ekleyen Rekt\u00f6r Sa\u011fer, &#8220;URAP 2025 sonu\u00e7lar\u0131, Alanya \u00dcniversitesi\u2019nin bilimsel \u00fcretkenlikte \u00f6nemli bir mesafe kat etti\u011fini a\u00e7\u0131k\u00e7a g\u00f6steriyor. Makale say\u0131lar\u0131ndaki ciddi art\u0131\u015f, proje faaliyetlerindeki y\u00fckseli\u015f ve uluslararas\u0131 i\u015f birliklerimizin g\u00fc\u00e7lenmesi, \u00fcniversitemizin ara\u015ft\u0131rma k\u00fclt\u00fcr\u00fcn\u00fcn her ge\u00e7en g\u00fcn daha da geli\u015fti\u011fini kan\u0131tl\u0131yor. Bu ba\u015far\u0131, t\u00fcm akademik ve idari kadromuzun gayretiyle m\u00fcmk\u00fcn olmu\u015ftur. T\u00fcm akademik ve idari kadromuzu \u00e7al\u0131\u015fmalar\u0131ndan dolay\u0131 tebrik ediyor, ba\u015far\u0131lar\u0131n\u0131n devam\u0131n\u0131 diliyorum. Bilimsel itibar\u0131n g\u00fc\u00e7lendirilmesi, uluslararas\u0131 g\u00f6r\u00fcn\u00fcrl\u00fc\u011f\u00fcn art\u0131r\u0131lmas\u0131, ara\u015ft\u0131rma kaynaklar\u0131n\u0131n \u00e7e\u015fitlendirilmesi ve \u00f6\u011frenciler i\u00e7in daha nitelikli bir e\u011fitim ortam\u0131 olu\u015fturulmas\u0131 y\u00f6n\u00fcndeki \u00e7al\u0131\u015fmalar\u0131m\u0131z\u0131 kararl\u0131l\u0131kla s\u00fcrd\u00fcrece\u011fiz&#8221; dedi.<br \/><\/p>\n","protected":false},"excerpt":{"rendered":"<p>D\u00fcnya genelinde \u00fcniversitelerin bilim alanlar\u0131ndaki performanslar\u0131n\u0131 de\u011ferlendiren URAP (University Ranking by Academic Performance), 2024-2025 d\u00f6nemi D\u00fcnya Alan S\u0131ralamalar\u0131 sonu\u00e7lar\u0131n\u0131 resmi internet sitesinden a\u00e7\u0131klad\u0131. Makale, at\u0131f ve proje verileri gibi nesnel g\u00f6stergelere dayanarak haz\u0131rlanan s\u0131ralamada Alanya \u00dcniversitesi \u00f6nemli bir ba\u015far\u0131 elde etti. Alanya \u00dcniversitesi, URAP verilerine g\u00f6re 2024 y\u0131l\u0131nda 83. s\u0131rada yer al\u0131rken, 2025 listesinde 79&#8230;.<\/p>\n","protected":false},"author":1,"featured_media":63337,"comment_status":"open","ping_status":"open","sticky":false,"template":"","format":"standard","meta":{"_crdt_document":"","footnotes":""},"categories":[1],"tags":[],"class_list":["post-63336","post","type-post","status-publish","format-standard","has-post-thumbnail","hentry","category-guncel"],"_links":{"self":[{"href":"https:\/\/www.egemtv.com\/index.php?rest_route=\/wp\/v2\/posts\/63336","targetHints":{"allow":["GET"]}}],"collection":[{"href":"https:\/\/www.egemtv.com\/index.php?rest_route=\/wp\/v2\/posts"}],"about":[{"href":"https:\/\/www.egemtv.com\/index.php?rest_route=\/wp\/v2\/types\/post"}],"author":[{"embeddable":true,"href":"https:\/\/www.egemtv.com\/index.php?rest_route=\/wp\/v2\/users\/1"}],"replies":[{"embeddable":true,"href":"https:\/\/www.egemtv.com\/index.php?rest_route=%2Fwp%2Fv2%2Fcomments&post=63336"}],"version-history":[{"count":1,"href":"https:\/\/www.egemtv.com\/index.php?rest_route=\/wp\/v2\/posts\/63336\/revisions"}],"predecessor-version":[{"id":63338,"href":"https:\/\/www.egemtv.com\/index.php?rest_route=\/wp\/v2\/posts\/63336\/revisions\/63338"}],"wp:featuredmedia":[{"embeddable":true,"href":"https:\/\/www.egemtv.com\/index.php?rest_route=\/wp\/v2\/media\/63337"}],"wp:attachment":[{"href":"https:\/\/www.egemtv.com\/index.php?rest_route=%2Fwp%2Fv2%2Fmedia&parent=63336"}],"wp:term":[{"taxonomy":"category","embeddable":true,"href":"https:\/\/www.egemtv.com\/index.php?rest_route=%2Fwp%2Fv2%2Fcategories&post=63336"},{"taxonomy":"post_tag","embeddable":true,"href":"https:\/\/www.egemtv.com\/index.php?rest_route=%2Fwp%2Fv2%2Ftags&post=63336"}],"curies":[{"name":"wp","href":"https:\/\/api.w.org\/{rel}","templated":true}]}}