{"id":63330,"date":"2025-10-23T14:15:03","date_gmt":"2025-10-23T11:15:03","guid":{"rendered":"https:\/\/www.egemtv.com\/?p=63330"},"modified":"2025-10-23T14:15:04","modified_gmt":"2025-10-23T11:15:04","slug":"is-yerini-kursunlayan-saldirganlarin-kendilerini-kayda-aldiklari-anlar-guvenlik-kamerasina-yansidi","status":"publish","type":"post","link":"https:\/\/www.egemtv.com\/?p=63330","title":{"rendered":"\u0130\u015f yerini kur\u015funlayan sald\u0131rganlar\u0131n kendilerini kayda ald\u0131klar\u0131 anlar g\u00fcvenlik kameras\u0131na yans\u0131d\u0131"},"content":{"rendered":"<p>DEN\u0130ZL\u0130 (\u0130HA) \u2013 Denizli\u2019de gece saatlerinde bir spor salonunu kur\u015funlayan sald\u0131rganlar\u0131n sald\u0131r\u0131 an\u0131 g\u00fcvenlik kameras\u0131na yans\u0131d\u0131. G\u00f6r\u00fcnt\u00fclerde motosikletle gelen iki sald\u0131rgandan biri t\u00fcfekle i\u015fyerine ate\u015f a\u00e7arken, di\u011ferinin ise motosiklet \u00fczerinde cep telefonu ile o anlar\u0131 kayda ald\u0131klar\u0131 ortaya \u00e7\u0131kt\u0131.<br \/>\n<br \/>Olay, Pamukkale il\u00e7esi Atalar Mahallesi 892 sokak \u00fczerinde faaliyet g\u00f6steren bir spor salonunda meydana geldi. Edinilen bilgilere g\u00f6re, gece saatlerinde bir spor salonuna silahl\u0131 sald\u0131r\u0131 ger\u00e7ekle\u015ftirildi. Silah seslerini duyan \u00e7evredeki vatanda\u015flar\u0131n ihbar\u0131 \u00fczerine b\u00f6lgeye polis ekipleri sevk edildi. Olay yerinden ka\u00e7an \u015fah\u0131slar\u0131n yakalanmas\u0131 i\u00e7in de geni\u015f \u00e7apl\u0131 ara\u015ft\u0131rma ba\u015flat\u0131ld\u0131.<\/p>\n<p>Sald\u0131r\u0131 an\u0131n\u0131 kay\u0131t etmi\u015fler<br \/>\n<br \/>\u00c7evredeki bir i\u015fyerine ait g\u00fcvenlik kameras\u0131na sald\u0131r\u0131 an\u0131 anbean yans\u0131d\u0131. G\u00f6r\u00fcnt\u00fclerde motosikletle gelen iki sald\u0131rgandan biri motosikletten t\u00fcfekle inerek spor salonunun kap\u0131s\u0131na ard\u0131 ard\u0131na 3 kez ate\u015f a\u00e7\u0131yor. Motosiklet s\u00fcr\u00fcc\u00fcs\u00fcn\u00fcn ise sald\u0131r\u0131 an\u0131n\u0131 cep telefonu ile kayda almas\u0131 dikkatlerden ka\u00e7mad\u0131. Olay ard\u0131ndan rahat tav\u0131rlarla motosiklete geri binen silahl\u0131 sald\u0131rgan\u0131n olay yerinden uzakla\u015ft\u0131klar\u0131 g\u00f6r\u00fcl\u00fcyor.<br \/>\n<br \/>Olay ile ilgili ba\u015flat\u0131lan soru\u015fturma devam ediyor.<br \/><\/p>\n","protected":false},"excerpt":{"rendered":"<p>DEN\u0130ZL\u0130 (\u0130HA) \u2013 Denizli\u2019de gece saatlerinde bir spor salonunu kur\u015funlayan sald\u0131rganlar\u0131n sald\u0131r\u0131 an\u0131 g\u00fcvenlik kameras\u0131na yans\u0131d\u0131. G\u00f6r\u00fcnt\u00fclerde motosikletle gelen iki sald\u0131rgandan biri t\u00fcfekle i\u015fyerine ate\u015f a\u00e7arken, di\u011ferinin ise motosiklet \u00fczerinde cep telefonu ile o anlar\u0131 kayda ald\u0131klar\u0131 ortaya \u00e7\u0131kt\u0131. Olay, Pamukkale il\u00e7esi Atalar Mahallesi 892 sokak \u00fczerinde faaliyet g\u00f6steren bir spor salonunda meydana geldi. Edinilen&#8230;<\/p>\n","protected":false},"author":1,"featured_media":63331,"comment_status":"open","ping_status":"open","sticky":false,"template":"","format":"standard","meta":{"_crdt_document":"","footnotes":""},"categories":[5],"tags":[],"class_list":["post-63330","post","type-post","status-publish","format-standard","has-post-thumbnail","hentry","category-asayis"],"_links":{"self":[{"href":"https:\/\/www.egemtv.com\/index.php?rest_route=\/wp\/v2\/posts\/63330","targetHints":{"allow":["GET"]}}],"collection":[{"href":"https:\/\/www.egemtv.com\/index.php?rest_route=\/wp\/v2\/posts"}],"about":[{"href":"https:\/\/www.egemtv.com\/index.php?rest_route=\/wp\/v2\/types\/post"}],"author":[{"embeddable":true,"href":"https:\/\/www.egemtv.com\/index.php?rest_route=\/wp\/v2\/users\/1"}],"replies":[{"embeddable":true,"href":"https:\/\/www.egemtv.com\/index.php?rest_route=%2Fwp%2Fv2%2Fcomments&post=63330"}],"version-history":[{"count":1,"href":"https:\/\/www.egemtv.com\/index.php?rest_route=\/wp\/v2\/posts\/63330\/revisions"}],"predecessor-version":[{"id":63332,"href":"https:\/\/www.egemtv.com\/index.php?rest_route=\/wp\/v2\/posts\/63330\/revisions\/63332"}],"wp:featuredmedia":[{"embeddable":true,"href":"https:\/\/www.egemtv.com\/index.php?rest_route=\/wp\/v2\/media\/63331"}],"wp:attachment":[{"href":"https:\/\/www.egemtv.com\/index.php?rest_route=%2Fwp%2Fv2%2Fmedia&parent=63330"}],"wp:term":[{"taxonomy":"category","embeddable":true,"href":"https:\/\/www.egemtv.com\/index.php?rest_route=%2Fwp%2Fv2%2Fcategories&post=63330"},{"taxonomy":"post_tag","embeddable":true,"href":"https:\/\/www.egemtv.com\/index.php?rest_route=%2Fwp%2Fv2%2Ftags&post=63330"}],"curies":[{"name":"wp","href":"https:\/\/api.w.org\/{rel}","templated":true}]}}