{"id":63327,"date":"2025-10-23T13:35:53","date_gmt":"2025-10-23T10:35:53","guid":{"rendered":"https:\/\/www.egemtv.com\/?p=63327"},"modified":"2025-10-23T13:35:55","modified_gmt":"2025-10-23T10:35:55","slug":"meme-kanseri-farkindalik-etkinligi-duzenlenecek","status":"publish","type":"post","link":"https:\/\/www.egemtv.com\/?p=63327","title":{"rendered":"Meme kanseri fark\u0131ndal\u0131k etkinli\u011fi d\u00fczenlenecek"},"content":{"rendered":"<p>1-31 Ekim Meme Kanseri Fark\u0131ndal\u0131k Ay\u0131 kapsam\u0131nda, Didim Belediyesi taraf\u0131ndan toplum sa\u011fl\u0131\u011f\u0131na dikkat \u00e7ekmek amac\u0131yla anlaml\u0131 bir etkinlik ger\u00e7ekle\u015ftirilecek.<br \/>\n<br \/>24 Ekim Cuma g\u00fcn\u00fc saat 18.00\u2019de, Didim Belediyesi Gen\u00e7lik Merkezi (D\u0130GEM) Sanat Akademisi\u2019nde yap\u0131lacak programda, Genel Cerrahi ve Meme Cerrahisi Uzman\u0131 Prof. Dr. Hedef \u00d6zg\u00fcn konu\u015fmac\u0131 olarak yer alacak.<br \/>\n<br \/>Prof. Dr. \u00d6zg\u00fcn, meme kanserinde erken tan\u0131n\u0131n hayat kurtar\u0131c\u0131 \u00f6nemi \u00fczerine kat\u0131l\u0131mc\u0131lara bilgilendirmelerde bulunacak ve halk\u0131n sorular\u0131n\u0131 yan\u0131tlayacak.<br \/>\n<br \/>Etkinli\u011fe t\u00fcm vatanda\u015flar\u0131 davet eden Didim Belediye Ba\u015fkan\u0131 Hatice Gen\u00e7ay, \u015fu ifadeleri kulland\u0131:<br \/>\n<br \/>&#8220;Kad\u0131n sa\u011fl\u0131\u011f\u0131na dikkat \u00e7ekmek, erken te\u015fhisin \u00f6nemini vurgulamak ve fark\u0131ndal\u0131k olu\u015fturmak amac\u0131yla d\u00fczenledi\u011fimiz bu etkinli\u011fe t\u00fcm kad\u0131nlar\u0131m\u0131z\u0131 davet ediyoruz. Bilin\u00e7li toplum, sa\u011fl\u0131kl\u0131 gelecek demektir&#8221;<br \/>\n<br \/>Didim Belediyesi, halk sa\u011fl\u0131\u011f\u0131 konusunda fark\u0131ndal\u0131k olu\u015fturacak bilgilendirici etkinliklerle, toplumsal duyarl\u0131l\u0131\u011f\u0131 art\u0131rmay\u0131 s\u00fcrd\u00fcrecek.<br \/><\/p>\n","protected":false},"excerpt":{"rendered":"<p>1-31 Ekim Meme Kanseri Fark\u0131ndal\u0131k Ay\u0131 kapsam\u0131nda, Didim Belediyesi taraf\u0131ndan toplum sa\u011fl\u0131\u011f\u0131na dikkat \u00e7ekmek amac\u0131yla anlaml\u0131 bir etkinlik ger\u00e7ekle\u015ftirilecek. 24 Ekim Cuma g\u00fcn\u00fc saat 18.00\u2019de, Didim Belediyesi Gen\u00e7lik Merkezi (D\u0130GEM) Sanat Akademisi\u2019nde yap\u0131lacak programda, Genel Cerrahi ve Meme Cerrahisi Uzman\u0131 Prof. Dr. Hedef \u00d6zg\u00fcn konu\u015fmac\u0131 olarak yer alacak. Prof. Dr. \u00d6zg\u00fcn, meme kanserinde erken tan\u0131n\u0131n&#8230;<\/p>\n","protected":false},"author":1,"featured_media":63328,"comment_status":"open","ping_status":"open","sticky":false,"template":"","format":"standard","meta":{"_crdt_document":"","footnotes":""},"categories":[2],"tags":[],"class_list":["post-63327","post","type-post","status-publish","format-standard","has-post-thumbnail","hentry","category-saglik"],"_links":{"self":[{"href":"https:\/\/www.egemtv.com\/index.php?rest_route=\/wp\/v2\/posts\/63327","targetHints":{"allow":["GET"]}}],"collection":[{"href":"https:\/\/www.egemtv.com\/index.php?rest_route=\/wp\/v2\/posts"}],"about":[{"href":"https:\/\/www.egemtv.com\/index.php?rest_route=\/wp\/v2\/types\/post"}],"author":[{"embeddable":true,"href":"https:\/\/www.egemtv.com\/index.php?rest_route=\/wp\/v2\/users\/1"}],"replies":[{"embeddable":true,"href":"https:\/\/www.egemtv.com\/index.php?rest_route=%2Fwp%2Fv2%2Fcomments&post=63327"}],"version-history":[{"count":1,"href":"https:\/\/www.egemtv.com\/index.php?rest_route=\/wp\/v2\/posts\/63327\/revisions"}],"predecessor-version":[{"id":63329,"href":"https:\/\/www.egemtv.com\/index.php?rest_route=\/wp\/v2\/posts\/63327\/revisions\/63329"}],"wp:featuredmedia":[{"embeddable":true,"href":"https:\/\/www.egemtv.com\/index.php?rest_route=\/wp\/v2\/media\/63328"}],"wp:attachment":[{"href":"https:\/\/www.egemtv.com\/index.php?rest_route=%2Fwp%2Fv2%2Fmedia&parent=63327"}],"wp:term":[{"taxonomy":"category","embeddable":true,"href":"https:\/\/www.egemtv.com\/index.php?rest_route=%2Fwp%2Fv2%2Fcategories&post=63327"},{"taxonomy":"post_tag","embeddable":true,"href":"https:\/\/www.egemtv.com\/index.php?rest_route=%2Fwp%2Fv2%2Ftags&post=63327"}],"curies":[{"name":"wp","href":"https:\/\/api.w.org\/{rel}","templated":true}]}}