{"id":63324,"date":"2025-10-23T13:35:48","date_gmt":"2025-10-23T10:35:48","guid":{"rendered":"https:\/\/www.egemtv.com\/?p=63324"},"modified":"2025-10-23T13:35:50","modified_gmt":"2025-10-23T10:35:50","slug":"izmirde-saganak-yagis-yollari-gole-cevirdi","status":"publish","type":"post","link":"https:\/\/www.egemtv.com\/?p=63324","title":{"rendered":"\u0130zmir\u2019de sa\u011fanak ya\u011f\u0131\u015f yollar\u0131 g\u00f6le \u00e7evirdi"},"content":{"rendered":"<p>\u0130zmir\u2019de bug\u00fcn etkili olan sa\u011fanak ya\u011f\u0131\u015f sebebiyle Fo\u00e7a il\u00e7esinde bir\u00e7ok b\u00f6lgede ev ve i\u015f yerleri sular alt\u0131nda kald\u0131, r\u00f6garlar ta\u015f\u0131nca yollar adeta g\u00f6le d\u00f6nd\u00fc.<br \/>\n<br \/>Meteoroloji \u0130zmir B\u00f6lge M\u00fcd\u00fcrl\u00fc\u011f\u00fc\u2019n\u00fcn d\u00fcn yapt\u0131\u011f\u0131 ya\u011f\u0131\u015f uyar\u0131s\u0131 \u00fczerine beklenen ya\u011fmur \u00f6\u011fleye do\u011fru k\u0131y\u0131 il\u00e7elerinden etkisini g\u00f6stermeye ba\u015flad\u0131. \u00d6zellikle Fo\u00e7a\u2019da \u015fiddetini art\u0131ran ya\u011f\u0131\u015f hayat\u0131 olumsuz etkiledi. Bardaktan bo\u015fal\u0131rcas\u0131na ya\u011fan ya\u011fmur sebebiyle vatanda\u015flar kapal\u0131 alanlara s\u0131\u011f\u0131n\u0131rken, ya\u011fmur sular\u0131 bir s\u00fcre sonra sele d\u00f6n\u00fc\u015ft\u00fc. R\u00f6garlar\u0131n da ta\u015fmas\u0131yla cadde ve sokaklar kullan\u0131lamaz hale geldi. Baz\u0131 ev ve i\u015f yerlerini de su bast\u0131. Bah\u00e7eler tamamen sular alt\u0131nda kal\u0131rken, il\u00e7e halk\u0131 evlerinden \u00e7\u0131kamayacak duruma geldi. Kent sakinleri, meteorolojinin uyar\u0131lar\u0131na ra\u011fmen tedbir alamayan Fo\u00e7a Belediyesi\u2019ne tepki g\u00f6sterdi.<br \/>\n<br \/>B\u00f6lgede sa\u011fanak ya\u011f\u0131\u015f etkili olmaya devam ediyor.<br \/><\/p>\n","protected":false},"excerpt":{"rendered":"<p>\u0130zmir\u2019de bug\u00fcn etkili olan sa\u011fanak ya\u011f\u0131\u015f sebebiyle Fo\u00e7a il\u00e7esinde bir\u00e7ok b\u00f6lgede ev ve i\u015f yerleri sular alt\u0131nda kald\u0131, r\u00f6garlar ta\u015f\u0131nca yollar adeta g\u00f6le d\u00f6nd\u00fc. Meteoroloji \u0130zmir B\u00f6lge M\u00fcd\u00fcrl\u00fc\u011f\u00fc\u2019n\u00fcn d\u00fcn yapt\u0131\u011f\u0131 ya\u011f\u0131\u015f uyar\u0131s\u0131 \u00fczerine beklenen ya\u011fmur \u00f6\u011fleye do\u011fru k\u0131y\u0131 il\u00e7elerinden etkisini g\u00f6stermeye ba\u015flad\u0131. \u00d6zellikle Fo\u00e7a\u2019da \u015fiddetini art\u0131ran ya\u011f\u0131\u015f hayat\u0131 olumsuz etkiledi. Bardaktan bo\u015fal\u0131rcas\u0131na ya\u011fan ya\u011fmur sebebiyle&#8230;<\/p>\n","protected":false},"author":1,"featured_media":63325,"comment_status":"open","ping_status":"open","sticky":false,"template":"","format":"standard","meta":{"_crdt_document":"","footnotes":""},"categories":[5],"tags":[],"class_list":["post-63324","post","type-post","status-publish","format-standard","has-post-thumbnail","hentry","category-asayis"],"_links":{"self":[{"href":"https:\/\/www.egemtv.com\/index.php?rest_route=\/wp\/v2\/posts\/63324","targetHints":{"allow":["GET"]}}],"collection":[{"href":"https:\/\/www.egemtv.com\/index.php?rest_route=\/wp\/v2\/posts"}],"about":[{"href":"https:\/\/www.egemtv.com\/index.php?rest_route=\/wp\/v2\/types\/post"}],"author":[{"embeddable":true,"href":"https:\/\/www.egemtv.com\/index.php?rest_route=\/wp\/v2\/users\/1"}],"replies":[{"embeddable":true,"href":"https:\/\/www.egemtv.com\/index.php?rest_route=%2Fwp%2Fv2%2Fcomments&post=63324"}],"version-history":[{"count":1,"href":"https:\/\/www.egemtv.com\/index.php?rest_route=\/wp\/v2\/posts\/63324\/revisions"}],"predecessor-version":[{"id":63326,"href":"https:\/\/www.egemtv.com\/index.php?rest_route=\/wp\/v2\/posts\/63324\/revisions\/63326"}],"wp:featuredmedia":[{"embeddable":true,"href":"https:\/\/www.egemtv.com\/index.php?rest_route=\/wp\/v2\/media\/63325"}],"wp:attachment":[{"href":"https:\/\/www.egemtv.com\/index.php?rest_route=%2Fwp%2Fv2%2Fmedia&parent=63324"}],"wp:term":[{"taxonomy":"category","embeddable":true,"href":"https:\/\/www.egemtv.com\/index.php?rest_route=%2Fwp%2Fv2%2Fcategories&post=63324"},{"taxonomy":"post_tag","embeddable":true,"href":"https:\/\/www.egemtv.com\/index.php?rest_route=%2Fwp%2Fv2%2Ftags&post=63324"}],"curies":[{"name":"wp","href":"https:\/\/api.w.org\/{rel}","templated":true}]}}