{"id":63321,"date":"2025-10-23T13:35:43","date_gmt":"2025-10-23T10:35:43","guid":{"rendered":"https:\/\/www.egemtv.com\/?p=63321"},"modified":"2025-10-23T13:35:46","modified_gmt":"2025-10-23T10:35:46","slug":"didim-belediyespor-kadin-voleybol-takimi-galibiyet-serisini-surdurdu","status":"publish","type":"post","link":"https:\/\/www.egemtv.com\/?p=63321","title":{"rendered":"Didim Belediyespor Kad\u0131n Voleybol Tak\u0131m\u0131 galibiyet serisini s\u00fcrd\u00fcrd\u00fc"},"content":{"rendered":"<p>T\u00fcrkiye Voleybol Federasyonu Kad\u0131nlar 2. Lig 7. Grup\u2019ta m\u00fccadele eden Didim Belediyespor Kad\u0131n Voleybol Tak\u0131m\u0131, ligin g\u00fc\u00e7l\u00fc ekiplerinden Kar\u015f\u0131yaka Spor Kul\u00fcb\u00fc\u2019n\u00fc 3-0 ma\u011flup etti.<br \/>\n<br \/>Didim Atat\u00fcrk Kapal\u0131 Spor Salonu\u2019nda oynanan m\u00fccadelede \u00fcst\u00fcn bir performans ortaya koyan Didim Belediyespor, rakibini 3-0\u2019l\u0131k net bir skorla ma\u011flup ederek galibiyet serisini s\u00fcrd\u00fcrd\u00fc.<br \/>\n<br \/>Trib\u00fcnleri dolduran Didim halk\u0131, ma\u00e7 boyunca tak\u0131mlar\u0131n\u0131 b\u00fcy\u00fck bir co\u015fkuyla destekledi. Oyun disiplini, m\u00fccadele g\u00fcc\u00fc ve tak\u0131m ruhuyla dikkat \u00e7eken Didim temsilcisi, sergiledi\u011fi ba\u015far\u0131l\u0131 performansla izleyenlerden tam not ald\u0131.<br \/>\n<br \/>Kar\u015f\u0131la\u015fmay\u0131 trib\u00fcnden takip eden Didim Belediye Ba\u015fkan Yard\u0131mc\u0131s\u0131 Kaan Top\u00e7uo\u011fullar\u0131 da m\u00fcsabaka boyunca tak\u0131ma destek vererek heyecana ortak oldu.<br \/>\n<br \/>Polat Group Didim Belediyespor Kad\u0131n Voleybol Tak\u0131m\u0131, ald\u0131\u011f\u0131 bu galibiyetle birlikte hem moralini y\u00fckseltti hem de ligdeki iddias\u0131n\u0131 bir kez daha ortaya koydu.<br \/><\/p>\n","protected":false},"excerpt":{"rendered":"<p>T\u00fcrkiye Voleybol Federasyonu Kad\u0131nlar 2. Lig 7. Grup\u2019ta m\u00fccadele eden Didim Belediyespor Kad\u0131n Voleybol Tak\u0131m\u0131, ligin g\u00fc\u00e7l\u00fc ekiplerinden Kar\u015f\u0131yaka Spor Kul\u00fcb\u00fc\u2019n\u00fc 3-0 ma\u011flup etti. Didim Atat\u00fcrk Kapal\u0131 Spor Salonu\u2019nda oynanan m\u00fccadelede \u00fcst\u00fcn bir performans ortaya koyan Didim Belediyespor, rakibini 3-0\u2019l\u0131k net bir skorla ma\u011flup ederek galibiyet serisini s\u00fcrd\u00fcrd\u00fc. Trib\u00fcnleri dolduran Didim halk\u0131, ma\u00e7 boyunca tak\u0131mlar\u0131n\u0131&#8230;<\/p>\n","protected":false},"author":1,"featured_media":63322,"comment_status":"open","ping_status":"open","sticky":false,"template":"","format":"standard","meta":{"_crdt_document":"","footnotes":""},"categories":[4],"tags":[],"class_list":["post-63321","post","type-post","status-publish","format-standard","has-post-thumbnail","hentry","category-spor"],"_links":{"self":[{"href":"https:\/\/www.egemtv.com\/index.php?rest_route=\/wp\/v2\/posts\/63321","targetHints":{"allow":["GET"]}}],"collection":[{"href":"https:\/\/www.egemtv.com\/index.php?rest_route=\/wp\/v2\/posts"}],"about":[{"href":"https:\/\/www.egemtv.com\/index.php?rest_route=\/wp\/v2\/types\/post"}],"author":[{"embeddable":true,"href":"https:\/\/www.egemtv.com\/index.php?rest_route=\/wp\/v2\/users\/1"}],"replies":[{"embeddable":true,"href":"https:\/\/www.egemtv.com\/index.php?rest_route=%2Fwp%2Fv2%2Fcomments&post=63321"}],"version-history":[{"count":1,"href":"https:\/\/www.egemtv.com\/index.php?rest_route=\/wp\/v2\/posts\/63321\/revisions"}],"predecessor-version":[{"id":63323,"href":"https:\/\/www.egemtv.com\/index.php?rest_route=\/wp\/v2\/posts\/63321\/revisions\/63323"}],"wp:featuredmedia":[{"embeddable":true,"href":"https:\/\/www.egemtv.com\/index.php?rest_route=\/wp\/v2\/media\/63322"}],"wp:attachment":[{"href":"https:\/\/www.egemtv.com\/index.php?rest_route=%2Fwp%2Fv2%2Fmedia&parent=63321"}],"wp:term":[{"taxonomy":"category","embeddable":true,"href":"https:\/\/www.egemtv.com\/index.php?rest_route=%2Fwp%2Fv2%2Fcategories&post=63321"},{"taxonomy":"post_tag","embeddable":true,"href":"https:\/\/www.egemtv.com\/index.php?rest_route=%2Fwp%2Fv2%2Ftags&post=63321"}],"curies":[{"name":"wp","href":"https:\/\/api.w.org\/{rel}","templated":true}]}}