{"id":63318,"date":"2025-10-23T13:35:40","date_gmt":"2025-10-23T10:35:40","guid":{"rendered":"https:\/\/www.egemtv.com\/?p=63318"},"modified":"2025-10-23T13:35:42","modified_gmt":"2025-10-23T10:35:42","slug":"didim-hafta-sonu-yeni-bir-spora-ev-sahipligi-yapacak","status":"publish","type":"post","link":"https:\/\/www.egemtv.com\/?p=63318","title":{"rendered":"Didim hafta sonu yeni bir spora ev sahipli\u011fi yapacak"},"content":{"rendered":"<p>Didim Belediyesi\u2019nin katk\u0131lar\u0131yla, Uluslararas\u0131 Raket Sporlar\u0131 Derne\u011fi i\u015f birli\u011fiyle d\u00fczenlenen PickleFest Didim, 25-26 Ekim tarihlerinde Alt\u0131nkum\u2019da sporu, e\u011flenceyi ve enerjiyi bulu\u015fturuyor.<br \/>\n<br \/>Ege\u2019nin incisi Didim, bu kez T\u00fcrkiye\u2019de h\u0131zla geli\u015fen bir spor dal\u0131 olan Pickleball (raketle oynanan bir spor dal\u0131) ile yeni bir heyecana ev sahipli\u011fi yapacak. Rekabetin, enerjinin ve co\u015fkunun bulu\u015faca\u011f\u0131 PickleFest Didim, hem amat\u00f6r hem de profesyonel sporcular\u0131 ayn\u0131 sahada bir araya getirecek.<br \/>\n<br \/>Festival s\u00fcresince m\u00fcsabakalar, g\u00f6steri ma\u00e7lar\u0131 ve \u00e7e\u015fitli etkinliklerle Alt\u0131nkum sahili adeta bir spor arenas\u0131na d\u00f6n\u00fc\u015fecek. Kat\u0131l\u0131mc\u0131lar hem e\u011flenceli bir hafta sonu ge\u00e7irecek hem de Didim\u2019in spor ve turizm potansiyelini daha yak\u0131ndan tan\u0131ma f\u0131rsat\u0131 bulacak.<br \/>\n<br \/>Etkinli\u011fe t\u00fcm halk\u0131 davet eden Didim Belediye Ba\u015fkan\u0131 Hatice Gen\u00e7ay, \u015fu ifadeleri kulland\u0131:<br \/>\n<br \/>&#8220;PickleFest Didim\u2019de sporun kalbi Alt\u0131nkum\u2019da atacak. \u0130ki g\u00fcn boyunca co\u015fku, dayan\u0131\u015fma ve rekabetin i\u00e7 i\u00e7e ge\u00e7ti\u011fi bir atmosferde bulu\u015faca\u011f\u0131z. Didim\u2019i sporda da \u00f6nc\u00fc bir kent haline getirme hedefimiz do\u011frultusunda, bu festivalin il\u00e7emizin tan\u0131t\u0131m\u0131na b\u00fcy\u00fck katk\u0131 sa\u011flayaca\u011f\u0131na inan\u0131yorum. T\u00fcm sporseverleri ve halk\u0131m\u0131z\u0131 bu heyecana ortak olmaya davet ediyorum.&#8221;<br \/>\n<br \/>Didim Belediyesi, sporun birle\u015ftirici g\u00fcc\u00fcn\u00fc merkeze alan etkinliklerle kentte aktif ya\u015fam\u0131 te\u015fvik etmeyi ve Didim\u2019i d\u00f6rt mevsim sporun kenti haline getirmeyi s\u00fcrd\u00fcr\u00fcyor.<br \/><\/p>\n","protected":false},"excerpt":{"rendered":"<p>Didim Belediyesi\u2019nin katk\u0131lar\u0131yla, Uluslararas\u0131 Raket Sporlar\u0131 Derne\u011fi i\u015f birli\u011fiyle d\u00fczenlenen PickleFest Didim, 25-26 Ekim tarihlerinde Alt\u0131nkum\u2019da sporu, e\u011flenceyi ve enerjiyi bulu\u015fturuyor. Ege\u2019nin incisi Didim, bu kez T\u00fcrkiye\u2019de h\u0131zla geli\u015fen bir spor dal\u0131 olan Pickleball (raketle oynanan bir spor dal\u0131) ile yeni bir heyecana ev sahipli\u011fi yapacak. Rekabetin, enerjinin ve co\u015fkunun bulu\u015faca\u011f\u0131 PickleFest Didim, hem amat\u00f6r&#8230;<\/p>\n","protected":false},"author":1,"featured_media":63319,"comment_status":"open","ping_status":"open","sticky":false,"template":"","format":"standard","meta":{"_crdt_document":"","footnotes":""},"categories":[4],"tags":[],"class_list":["post-63318","post","type-post","status-publish","format-standard","has-post-thumbnail","hentry","category-spor"],"_links":{"self":[{"href":"https:\/\/www.egemtv.com\/index.php?rest_route=\/wp\/v2\/posts\/63318","targetHints":{"allow":["GET"]}}],"collection":[{"href":"https:\/\/www.egemtv.com\/index.php?rest_route=\/wp\/v2\/posts"}],"about":[{"href":"https:\/\/www.egemtv.com\/index.php?rest_route=\/wp\/v2\/types\/post"}],"author":[{"embeddable":true,"href":"https:\/\/www.egemtv.com\/index.php?rest_route=\/wp\/v2\/users\/1"}],"replies":[{"embeddable":true,"href":"https:\/\/www.egemtv.com\/index.php?rest_route=%2Fwp%2Fv2%2Fcomments&post=63318"}],"version-history":[{"count":1,"href":"https:\/\/www.egemtv.com\/index.php?rest_route=\/wp\/v2\/posts\/63318\/revisions"}],"predecessor-version":[{"id":63320,"href":"https:\/\/www.egemtv.com\/index.php?rest_route=\/wp\/v2\/posts\/63318\/revisions\/63320"}],"wp:featuredmedia":[{"embeddable":true,"href":"https:\/\/www.egemtv.com\/index.php?rest_route=\/wp\/v2\/media\/63319"}],"wp:attachment":[{"href":"https:\/\/www.egemtv.com\/index.php?rest_route=%2Fwp%2Fv2%2Fmedia&parent=63318"}],"wp:term":[{"taxonomy":"category","embeddable":true,"href":"https:\/\/www.egemtv.com\/index.php?rest_route=%2Fwp%2Fv2%2Fcategories&post=63318"},{"taxonomy":"post_tag","embeddable":true,"href":"https:\/\/www.egemtv.com\/index.php?rest_route=%2Fwp%2Fv2%2Ftags&post=63318"}],"curies":[{"name":"wp","href":"https:\/\/api.w.org\/{rel}","templated":true}]}}