{"id":63315,"date":"2025-10-23T13:15:48","date_gmt":"2025-10-23T10:15:48","guid":{"rendered":"https:\/\/www.egemtv.com\/?p=63315"},"modified":"2025-10-23T13:15:49","modified_gmt":"2025-10-23T10:15:49","slug":"kameralarla-donatilan-evden-cok-sayida-uyusturucu-madde-cikti","status":"publish","type":"post","link":"https:\/\/www.egemtv.com\/?p=63315","title":{"rendered":"Kameralarla donat\u0131lan evden \u00e7ok say\u0131da uyu\u015fturucu madde \u00e7\u0131kt\u0131"},"content":{"rendered":"<p>\u0130zmir\u2019in Karaba\u011flar il\u00e7esinde d\u0131\u015f cephesi kameralarla donat\u0131lm\u0131\u015f bir evde yap\u0131lan aramalarda 2 tabanca, \u00e7ok say\u0131da uyu\u015fturucu madde ve y\u00fckl\u00fc miktarda para ele ge\u00e7irildi. Olayla ilgili g\u00f6zalt\u0131na al\u0131nan cezaevi firarisi \u015f\u00fcpheli \u015fah\u0131s \u00e7\u0131kar\u0131ld\u0131\u011f\u0131 mahkemece tutukland\u0131.<br \/>\n<br \/>\u0130l Emniyet M\u00fcd\u00fcrl\u00fc\u011f\u00fc\u2019ne ba\u011fl\u0131 Su\u00e7 \u00d6nleme ve Soru\u015fturma B\u00fcro Amirli\u011fi ile Narkotik Su\u00e7larla M\u00fccadele Amirli\u011fi ekipleri taraf\u0131ndan uyu\u015fturucuya y\u00f6nelik ortak bir operasyon ger\u00e7ekle\u015ftirildi. Operasyon kapsam\u0131nda E.B. (31) isimli \u015f\u00fcpheli takibe al\u0131nd\u0131. \u015eahs\u0131n Karaba\u011flar il\u00e7esindeki ikametinde d\u0131\u015far\u0131y\u0131 izleyen \u00e7ok say\u0131da g\u00fcvenlik kameras\u0131 bulundu\u011fu belirlendi. E.B.\u2019nin evde olmad\u0131\u011f\u0131 an\u0131 tespit eden ekipler, adrese operasyon d\u00fczenledi. Evde yap\u0131lan aramalarda 1 kilo 273 gram metamfetamin, 3 bin 890 adet sentetik hap, 20 adet ekstazi hap, 191 gram kokain, 100 gram Jamaika, 5 gram esrar, 2 tabanca, 43 fi\u015fek, 7 hassas terazi ve 53 bin 600 T\u00fcrk liras\u0131 ele ge\u00e7irildi.<br \/>\n<br \/>Operasyondan 5 g\u00fcn sonra d\u00fcn ak\u015fam saatlerinde aranan E.B., bir arac\u0131n i\u00e7inde g\u00f6r\u00fclerek polis ekipleri taraf\u0131ndan takibe al\u0131nd\u0131.<br \/>\n<br \/>Ya\u015fanan kovalamacan\u0131n ard\u0131ndan \u015f\u00fcpheli, girdi\u011fi \u00e7\u0131kmaz sokakta yakaland\u0131. E.B.\u2019nin \u00fczerinde yap\u0131lan aramada 1 ruhsats\u0131z tabanca, 24,6 gram metamfetamin, 1 hassas terazi ve 100 bin T\u00fcrk liras\u0131 ele ge\u00e7irildi. Yap\u0131lan sorgulamada E.B.\u2019nin, \u2019uyu\u015fturucu madde ticareti\u2019 ve \u2019h\u0131rs\u0131zl\u0131k\u2019 su\u00e7lar\u0131ndan toplam 6 y\u0131l kesinle\u015fmi\u015f hapis cezas\u0131 bulundu\u011fu ve cezaevi firarisi oldu\u011fu belirlendi. Emniyetteki i\u015flemlerinin ard\u0131ndan adliyeye sevk edilen E.B., \u00e7\u0131kar\u0131ld\u0131\u011f\u0131 mahkemece tutuklanarak cezaevine g\u00f6nderildi.<br \/><\/p>\n","protected":false},"excerpt":{"rendered":"<p>\u0130zmir\u2019in Karaba\u011flar il\u00e7esinde d\u0131\u015f cephesi kameralarla donat\u0131lm\u0131\u015f bir evde yap\u0131lan aramalarda 2 tabanca, \u00e7ok say\u0131da uyu\u015fturucu madde ve y\u00fckl\u00fc miktarda para ele ge\u00e7irildi. Olayla ilgili g\u00f6zalt\u0131na al\u0131nan cezaevi firarisi \u015f\u00fcpheli \u015fah\u0131s \u00e7\u0131kar\u0131ld\u0131\u011f\u0131 mahkemece tutukland\u0131. \u0130l Emniyet M\u00fcd\u00fcrl\u00fc\u011f\u00fc\u2019ne ba\u011fl\u0131 Su\u00e7 \u00d6nleme ve Soru\u015fturma B\u00fcro Amirli\u011fi ile Narkotik Su\u00e7larla M\u00fccadele Amirli\u011fi ekipleri taraf\u0131ndan uyu\u015fturucuya y\u00f6nelik ortak bir&#8230;<\/p>\n","protected":false},"author":1,"featured_media":63316,"comment_status":"open","ping_status":"open","sticky":false,"template":"","format":"standard","meta":{"_crdt_document":"","footnotes":""},"categories":[5],"tags":[],"class_list":["post-63315","post","type-post","status-publish","format-standard","has-post-thumbnail","hentry","category-asayis"],"_links":{"self":[{"href":"https:\/\/www.egemtv.com\/index.php?rest_route=\/wp\/v2\/posts\/63315","targetHints":{"allow":["GET"]}}],"collection":[{"href":"https:\/\/www.egemtv.com\/index.php?rest_route=\/wp\/v2\/posts"}],"about":[{"href":"https:\/\/www.egemtv.com\/index.php?rest_route=\/wp\/v2\/types\/post"}],"author":[{"embeddable":true,"href":"https:\/\/www.egemtv.com\/index.php?rest_route=\/wp\/v2\/users\/1"}],"replies":[{"embeddable":true,"href":"https:\/\/www.egemtv.com\/index.php?rest_route=%2Fwp%2Fv2%2Fcomments&post=63315"}],"version-history":[{"count":1,"href":"https:\/\/www.egemtv.com\/index.php?rest_route=\/wp\/v2\/posts\/63315\/revisions"}],"predecessor-version":[{"id":63317,"href":"https:\/\/www.egemtv.com\/index.php?rest_route=\/wp\/v2\/posts\/63315\/revisions\/63317"}],"wp:featuredmedia":[{"embeddable":true,"href":"https:\/\/www.egemtv.com\/index.php?rest_route=\/wp\/v2\/media\/63316"}],"wp:attachment":[{"href":"https:\/\/www.egemtv.com\/index.php?rest_route=%2Fwp%2Fv2%2Fmedia&parent=63315"}],"wp:term":[{"taxonomy":"category","embeddable":true,"href":"https:\/\/www.egemtv.com\/index.php?rest_route=%2Fwp%2Fv2%2Fcategories&post=63315"},{"taxonomy":"post_tag","embeddable":true,"href":"https:\/\/www.egemtv.com\/index.php?rest_route=%2Fwp%2Fv2%2Ftags&post=63315"}],"curies":[{"name":"wp","href":"https:\/\/api.w.org\/{rel}","templated":true}]}}