{"id":63312,"date":"2025-10-23T13:15:46","date_gmt":"2025-10-23T10:15:46","guid":{"rendered":"https:\/\/www.egemtv.com\/?p=63312"},"modified":"2025-10-23T13:15:47","modified_gmt":"2025-10-23T10:15:47","slug":"ispartada-54-litre-kacak-ve-el-yapimi-alkol-ele-gecirildi","status":"publish","type":"post","link":"https:\/\/www.egemtv.com\/?p=63312","title":{"rendered":"Isparta\u2019da 54 litre ka\u00e7ak ve el yap\u0131m\u0131 alkol ele ge\u00e7irildi"},"content":{"rendered":"<p>Isparta\u2019da polis ekiplerince son g\u00fcnlerde d\u00fczenlenen iki ayr\u0131 operasyonda toplam 54 litre ka\u00e7ak ve el yap\u0131m\u0131 alkol ele ge\u00e7irildi. Operasyonlarda 2 \u015f\u00fcpheli hakk\u0131nda adli i\u015flem ba\u015flat\u0131ld\u0131.<br \/>\n<br \/>Isparta \u0130l Emniyet M\u00fcd\u00fcrl\u00fc\u011f\u00fc Ka\u00e7ak\u00e7\u0131l\u0131k ve Organize Su\u00e7larla M\u00fccadele (KOM) \u015eube M\u00fcd\u00fcrl\u00fc\u011f\u00fc ekipleri taraf\u0131ndan kent genelinde ka\u00e7ak alkol \u00fcretimi ve sat\u0131\u015f\u0131na y\u00f6nelik \u00e7al\u0131\u015fmalar yap\u0131ld\u0131. Bu kapsamda yap\u0131lan ilk operasyonda, 26,5 litre el yap\u0131m\u0131 alkol ele ge\u00e7irilirken, ikinci operasyonda ise 27,5 litre ka\u00e7ak\/sahte \u015fi\u015felenmi\u015f alkol bulundu. Her iki olayla ilgili olarak toplam 2 \u015f\u00fcpheli \u015fah\u0131s hakk\u0131nda 5607 Say\u0131l\u0131 Ka\u00e7ak\u00e7\u0131l\u0131kla M\u00fccadele Kanunu kapsam\u0131nda adli i\u015flem ba\u015flat\u0131ld\u0131\u011f\u0131 bildirildi.<br \/><\/p>\n","protected":false},"excerpt":{"rendered":"<p>Isparta\u2019da polis ekiplerince son g\u00fcnlerde d\u00fczenlenen iki ayr\u0131 operasyonda toplam 54 litre ka\u00e7ak ve el yap\u0131m\u0131 alkol ele ge\u00e7irildi. Operasyonlarda 2 \u015f\u00fcpheli hakk\u0131nda adli i\u015flem ba\u015flat\u0131ld\u0131. Isparta \u0130l Emniyet M\u00fcd\u00fcrl\u00fc\u011f\u00fc Ka\u00e7ak\u00e7\u0131l\u0131k ve Organize Su\u00e7larla M\u00fccadele (KOM) \u015eube M\u00fcd\u00fcrl\u00fc\u011f\u00fc ekipleri taraf\u0131ndan kent genelinde ka\u00e7ak alkol \u00fcretimi ve sat\u0131\u015f\u0131na y\u00f6nelik \u00e7al\u0131\u015fmalar yap\u0131ld\u0131. Bu kapsamda yap\u0131lan ilk operasyonda,&#8230;<\/p>\n","protected":false},"author":1,"featured_media":63313,"comment_status":"open","ping_status":"open","sticky":false,"template":"","format":"standard","meta":{"_crdt_document":"","footnotes":""},"categories":[5],"tags":[],"class_list":["post-63312","post","type-post","status-publish","format-standard","has-post-thumbnail","hentry","category-asayis"],"_links":{"self":[{"href":"https:\/\/www.egemtv.com\/index.php?rest_route=\/wp\/v2\/posts\/63312","targetHints":{"allow":["GET"]}}],"collection":[{"href":"https:\/\/www.egemtv.com\/index.php?rest_route=\/wp\/v2\/posts"}],"about":[{"href":"https:\/\/www.egemtv.com\/index.php?rest_route=\/wp\/v2\/types\/post"}],"author":[{"embeddable":true,"href":"https:\/\/www.egemtv.com\/index.php?rest_route=\/wp\/v2\/users\/1"}],"replies":[{"embeddable":true,"href":"https:\/\/www.egemtv.com\/index.php?rest_route=%2Fwp%2Fv2%2Fcomments&post=63312"}],"version-history":[{"count":1,"href":"https:\/\/www.egemtv.com\/index.php?rest_route=\/wp\/v2\/posts\/63312\/revisions"}],"predecessor-version":[{"id":63314,"href":"https:\/\/www.egemtv.com\/index.php?rest_route=\/wp\/v2\/posts\/63312\/revisions\/63314"}],"wp:featuredmedia":[{"embeddable":true,"href":"https:\/\/www.egemtv.com\/index.php?rest_route=\/wp\/v2\/media\/63313"}],"wp:attachment":[{"href":"https:\/\/www.egemtv.com\/index.php?rest_route=%2Fwp%2Fv2%2Fmedia&parent=63312"}],"wp:term":[{"taxonomy":"category","embeddable":true,"href":"https:\/\/www.egemtv.com\/index.php?rest_route=%2Fwp%2Fv2%2Fcategories&post=63312"},{"taxonomy":"post_tag","embeddable":true,"href":"https:\/\/www.egemtv.com\/index.php?rest_route=%2Fwp%2Fv2%2Ftags&post=63312"}],"curies":[{"name":"wp","href":"https:\/\/api.w.org\/{rel}","templated":true}]}}