{"id":63309,"date":"2025-10-23T13:15:44","date_gmt":"2025-10-23T10:15:44","guid":{"rendered":"https:\/\/www.egemtv.com\/?p=63309"},"modified":"2025-10-23T13:15:45","modified_gmt":"2025-10-23T10:15:45","slug":"demirci-selendi-yolu-icin-ihale-sureci-basliyor","status":"publish","type":"post","link":"https:\/\/www.egemtv.com\/?p=63309","title":{"rendered":"Demirci-Selendi yolu i\u00e7in ihale s\u00fcreci ba\u015fl\u0131yor"},"content":{"rendered":"<p>AK Parti Manisa Milletvekili Murat Baybatur, Demirci-Selendi yolu i\u00e7in Karayollar\u0131 Genel M\u00fcd\u00fcrl\u00fc\u011f\u00fc taraf\u0131ndan yeni ihale s\u00fcrecinin ba\u015flad\u0131\u011f\u0131n\u0131 duyurdu.<br \/>\n<br \/>Baybatur, yapt\u0131\u011f\u0131 a\u00e7\u0131klamada, 44,5 kilometrelik Demirci-Selendi yolunun kalan kesimlerinin tamamlanmas\u0131 amac\u0131yla haz\u0131rlanan \u2019Toprak Tesviye, Sanat Yap\u0131lar\u0131 ve \u00dcstyap\u0131 \u0130kmal \u0130\u015fi\u2019 ihalesinin 21 Kas\u0131m 2025 tarihinde yap\u0131laca\u011f\u0131n\u0131 belirtti.<br \/>\n<br \/>Y\u0131llard\u0131r beklenen bu yat\u0131r\u0131m\u0131n tamamlanmas\u0131 i\u00e7in s\u00fcreci yak\u0131ndan takip ettiklerini ifade eden Baybatur, &#8220;Karayollar\u0131 2. B\u00f6lge M\u00fcd\u00fcrl\u00fc\u011f\u00fc taraf\u0131ndan haz\u0131rlanan yeni ihale ile birlikte yolun eksik kalan kesimleri tamamlanacak, k\u00f6pr\u00fc ve \u00fcstyap\u0131 \u00e7al\u0131\u015fmalar\u0131yla proje nihai hale getirilecek. \u0130hale kapsam\u0131nda, mevcut 18,8 kilometrelik b\u00f6l\u00fcm\u00fcn ard\u0131ndan kalan kesimlerde tek k\u00f6pr\u00fc ve 25 kilometrelik yol sathi kaplama seviyesinde tamamlanacak. Demirci-Selendi yolu, yaln\u0131zca iki il\u00e7eyi de\u011fil, t\u00fcm kuzey hatt\u0131n\u0131 birbirine ba\u011fl\u0131yor. Tar\u0131m, ticaret ve sosyal hayat a\u00e7\u0131s\u0131ndan stratejik bir g\u00fczergah. Bu yeni ihale s\u00fcreciyle yolun tamam\u0131 modern standartlarda hizmete girecek.&#8221; dedi.<br \/>\n<br \/>Manisa genelinde ula\u015f\u0131m yat\u0131r\u0131mlar\u0131n\u0131n kararl\u0131l\u0131kla s\u00fcrd\u00fc\u011f\u00fcn\u00fc vurgulayan Baybatur, &#8220;Manisa\u2019m\u0131z\u0131n her noktas\u0131nda s\u00f6z verdi\u011fimiz yat\u0131r\u0131mlar\u0131 tek tek hayata ge\u00e7iriyoruz. Demirci-Selendi yolu da bu vizyonun \u00f6nemli bir par\u00e7as\u0131. Takip ediyoruz, sonu\u00e7 alaca\u011f\u0131z.&#8221; ifadelerini kulland\u0131.<br \/><\/p>\n","protected":false},"excerpt":{"rendered":"<p>AK Parti Manisa Milletvekili Murat Baybatur, Demirci-Selendi yolu i\u00e7in Karayollar\u0131 Genel M\u00fcd\u00fcrl\u00fc\u011f\u00fc taraf\u0131ndan yeni ihale s\u00fcrecinin ba\u015flad\u0131\u011f\u0131n\u0131 duyurdu. Baybatur, yapt\u0131\u011f\u0131 a\u00e7\u0131klamada, 44,5 kilometrelik Demirci-Selendi yolunun kalan kesimlerinin tamamlanmas\u0131 amac\u0131yla haz\u0131rlanan \u2019Toprak Tesviye, Sanat Yap\u0131lar\u0131 ve \u00dcstyap\u0131 \u0130kmal \u0130\u015fi\u2019 ihalesinin 21 Kas\u0131m 2025 tarihinde yap\u0131laca\u011f\u0131n\u0131 belirtti. Y\u0131llard\u0131r beklenen bu yat\u0131r\u0131m\u0131n tamamlanmas\u0131 i\u00e7in s\u00fcreci yak\u0131ndan takip ettiklerini&#8230;<\/p>\n","protected":false},"author":1,"featured_media":63310,"comment_status":"open","ping_status":"open","sticky":false,"template":"","format":"standard","meta":{"_crdt_document":"","footnotes":""},"categories":[125],"tags":[],"class_list":["post-63309","post","type-post","status-publish","format-standard","has-post-thumbnail","hentry","category-ekonomi"],"_links":{"self":[{"href":"https:\/\/www.egemtv.com\/index.php?rest_route=\/wp\/v2\/posts\/63309","targetHints":{"allow":["GET"]}}],"collection":[{"href":"https:\/\/www.egemtv.com\/index.php?rest_route=\/wp\/v2\/posts"}],"about":[{"href":"https:\/\/www.egemtv.com\/index.php?rest_route=\/wp\/v2\/types\/post"}],"author":[{"embeddable":true,"href":"https:\/\/www.egemtv.com\/index.php?rest_route=\/wp\/v2\/users\/1"}],"replies":[{"embeddable":true,"href":"https:\/\/www.egemtv.com\/index.php?rest_route=%2Fwp%2Fv2%2Fcomments&post=63309"}],"version-history":[{"count":1,"href":"https:\/\/www.egemtv.com\/index.php?rest_route=\/wp\/v2\/posts\/63309\/revisions"}],"predecessor-version":[{"id":63311,"href":"https:\/\/www.egemtv.com\/index.php?rest_route=\/wp\/v2\/posts\/63309\/revisions\/63311"}],"wp:featuredmedia":[{"embeddable":true,"href":"https:\/\/www.egemtv.com\/index.php?rest_route=\/wp\/v2\/media\/63310"}],"wp:attachment":[{"href":"https:\/\/www.egemtv.com\/index.php?rest_route=%2Fwp%2Fv2%2Fmedia&parent=63309"}],"wp:term":[{"taxonomy":"category","embeddable":true,"href":"https:\/\/www.egemtv.com\/index.php?rest_route=%2Fwp%2Fv2%2Fcategories&post=63309"},{"taxonomy":"post_tag","embeddable":true,"href":"https:\/\/www.egemtv.com\/index.php?rest_route=%2Fwp%2Fv2%2Ftags&post=63309"}],"curies":[{"name":"wp","href":"https:\/\/api.w.org\/{rel}","templated":true}]}}