{"id":63306,"date":"2025-10-23T13:15:43","date_gmt":"2025-10-23T10:15:43","guid":{"rendered":"https:\/\/www.egemtv.com\/?p=63306"},"modified":"2025-10-23T13:15:44","modified_gmt":"2025-10-23T10:15:44","slug":"altintasta-mezar-stelleri-konulu-etkinlik","status":"publish","type":"post","link":"https:\/\/www.egemtv.com\/?p=63306","title":{"rendered":"Alt\u0131nta\u015f\u2019ta \u2019Mezar Stelleri&#8221; konulu etkinlik"},"content":{"rendered":"<p>K\u00fctahya Dumlup\u0131nar \u00dcniversitesi K\u00fctahya ve Bat\u0131 Anadolu K\u00fclt\u00fcrleri Arkeolojisi Uygulama ve Ara\u015ft\u0131rma Merkezi M\u00fcd\u00fcrl\u00fc\u011f\u00fc taraf\u0131ndan &#8220;Alt\u0131nta\u015f (SOA) Mezar Stelleri&#8221; konulu etkinlik d\u00fczenlendi.<br \/>\n<br \/>Ara\u015ft\u0131rma Merkezleri Konferans Salonu\u2019nda ger\u00e7ekle\u015ftirilen etkinli\u011fe, konu\u015fmac\u0131 olarak Yalova M\u00fcze M\u00fcd\u00fcr Yard\u0131mc\u0131s\u0131 Dr. \u0130brahim Arcag\u00f6k kat\u0131ld\u0131. Etkinlikte ayr\u0131ca akademik ve idari personel ile \u00f6\u011frenciler de yer ald\u0131.<br \/>\n<br \/>Dr. \u0130brahim Arcag\u00f6k, &#8220;Alt\u0131nta\u015f (SOA) Mezar Stelleri&#8221; ba\u015fl\u0131kl\u0131 sunumunda, K\u00fctahya\u2019n\u0131n Alt\u0131nta\u015f il\u00e7esinde bulunan ve &#8220;SOA&#8221; olarak adland\u0131r\u0131lan antik kente \u00f6zg\u00fc mezar stellerini arkeolojik, sanatsal ve k\u00fclt\u00fcrel a\u00e7\u0131dan detayl\u0131 bi\u00e7imde de\u011ferlendirdi.<br \/>\n<br \/>Arcag\u00f6k, s\u00f6z konusu stellerin Roma d\u00f6nemi Anadolu\u2019sundaki mezar gelene\u011fi i\u00e7erisindeki yeri, ikonografik \u00f6zellikleri ve toplumsal yans\u0131malar\u0131 hakk\u0131nda geni\u015f bilgiler sundu.<br \/>\n<br \/>Sunumun ard\u0131ndan kat\u0131l\u0131mc\u0131lardan gelen sorular da yan\u0131tlad\u0131.<br \/><\/p>\n","protected":false},"excerpt":{"rendered":"<p>K\u00fctahya Dumlup\u0131nar \u00dcniversitesi K\u00fctahya ve Bat\u0131 Anadolu K\u00fclt\u00fcrleri Arkeolojisi Uygulama ve Ara\u015ft\u0131rma Merkezi M\u00fcd\u00fcrl\u00fc\u011f\u00fc taraf\u0131ndan &#8220;Alt\u0131nta\u015f (SOA) Mezar Stelleri&#8221; konulu etkinlik d\u00fczenlendi. Ara\u015ft\u0131rma Merkezleri Konferans Salonu\u2019nda ger\u00e7ekle\u015ftirilen etkinli\u011fe, konu\u015fmac\u0131 olarak Yalova M\u00fcze M\u00fcd\u00fcr Yard\u0131mc\u0131s\u0131 Dr. \u0130brahim Arcag\u00f6k kat\u0131ld\u0131. Etkinlikte ayr\u0131ca akademik ve idari personel ile \u00f6\u011frenciler de yer ald\u0131. Dr. \u0130brahim Arcag\u00f6k, &#8220;Alt\u0131nta\u015f (SOA) Mezar&#8230;<\/p>\n","protected":false},"author":1,"featured_media":63307,"comment_status":"open","ping_status":"open","sticky":false,"template":"","format":"standard","meta":{"_crdt_document":"","footnotes":""},"categories":[123],"tags":[],"class_list":["post-63306","post","type-post","status-publish","format-standard","has-post-thumbnail","hentry","category-gundem"],"_links":{"self":[{"href":"https:\/\/www.egemtv.com\/index.php?rest_route=\/wp\/v2\/posts\/63306","targetHints":{"allow":["GET"]}}],"collection":[{"href":"https:\/\/www.egemtv.com\/index.php?rest_route=\/wp\/v2\/posts"}],"about":[{"href":"https:\/\/www.egemtv.com\/index.php?rest_route=\/wp\/v2\/types\/post"}],"author":[{"embeddable":true,"href":"https:\/\/www.egemtv.com\/index.php?rest_route=\/wp\/v2\/users\/1"}],"replies":[{"embeddable":true,"href":"https:\/\/www.egemtv.com\/index.php?rest_route=%2Fwp%2Fv2%2Fcomments&post=63306"}],"version-history":[{"count":1,"href":"https:\/\/www.egemtv.com\/index.php?rest_route=\/wp\/v2\/posts\/63306\/revisions"}],"predecessor-version":[{"id":63308,"href":"https:\/\/www.egemtv.com\/index.php?rest_route=\/wp\/v2\/posts\/63306\/revisions\/63308"}],"wp:featuredmedia":[{"embeddable":true,"href":"https:\/\/www.egemtv.com\/index.php?rest_route=\/wp\/v2\/media\/63307"}],"wp:attachment":[{"href":"https:\/\/www.egemtv.com\/index.php?rest_route=%2Fwp%2Fv2%2Fmedia&parent=63306"}],"wp:term":[{"taxonomy":"category","embeddable":true,"href":"https:\/\/www.egemtv.com\/index.php?rest_route=%2Fwp%2Fv2%2Fcategories&post=63306"},{"taxonomy":"post_tag","embeddable":true,"href":"https:\/\/www.egemtv.com\/index.php?rest_route=%2Fwp%2Fv2%2Ftags&post=63306"}],"curies":[{"name":"wp","href":"https:\/\/api.w.org\/{rel}","templated":true}]}}