{"id":63300,"date":"2025-10-23T12:55:14","date_gmt":"2025-10-23T09:55:14","guid":{"rendered":"https:\/\/www.egemtv.com\/?p=63300"},"modified":"2025-10-23T12:55:15","modified_gmt":"2025-10-23T09:55:15","slug":"ak-parti-sarigol-teskilati-zafer-isiki-agirladi","status":"publish","type":"post","link":"https:\/\/www.egemtv.com\/?p=63300","title":{"rendered":"AK Parti Sar\u0131g\u00f6l Te\u015fkilat\u0131, Zafer I\u015f\u0131k\u2019\u0131 a\u011f\u0131rlad\u0131"},"content":{"rendered":"<p>AK Parti 27. D\u00f6nem Bursa Milletvekili ve Genel Merkez Te\u015fkilat Ba\u015fkanl\u0131\u011f\u0131 Ege B\u00f6lge \u0130l Koordinat\u00f6r\u00fc Zafer I\u015f\u0131k, AK Parti Sar\u0131g\u00f6l \u0130l\u00e7e Te\u015fkilat\u0131n\u0131 ziyaret etti.<br \/>\n<br \/>\u0130l\u00e7e te\u015fkilat binas\u0131nda ger\u00e7ekle\u015ftirilen bulu\u015fmada, parti \u00e7al\u0131\u015fmalar\u0131, yerel y\u00f6netim faaliyetleri ve \u00f6n\u00fcm\u00fczdeki d\u00f6neme ili\u015fkin hedefler ele al\u0131nd\u0131. Toplant\u0131ya AK Parti Sar\u0131g\u00f6l \u0130l\u00e7e Ba\u015fkan\u0131 Nihat Demirci, y\u00f6netim kurulu \u00fcyeleri ve partililer kat\u0131ld\u0131.<br \/>\n<br \/>Toplant\u0131da, Sar\u0131g\u00f6l\u2019de y\u00fcr\u00fct\u00fclen te\u015fkilat faaliyetleri ve b\u00f6lge halk\u0131n\u0131n ihtiya\u00e7lar\u0131 do\u011frultusunda planlanan projeler de\u011ferlendirildi. Zafer I\u015f\u0131k, partililere hitaben yapt\u0131\u011f\u0131 konu\u015fmada AK Parti\u2019nin halk odakl\u0131 hizmet anlay\u0131\u015f\u0131n\u0131 s\u00fcrd\u00fcrme kararl\u0131l\u0131\u011f\u0131n\u0131 vurgulad\u0131. Sar\u0131g\u00f6l\u2019\u00fcn b\u00f6lgesel kalk\u0131nmadaki \u00f6nemine dikkat \u00e7eken I\u015f\u0131k, te\u015fkilat\u0131n birlik ve beraberlik i\u00e7inde \u00e7al\u0131\u015fmas\u0131n\u0131n ba\u015far\u0131 i\u00e7in b\u00fcy\u00fck \u00f6nem ta\u015f\u0131d\u0131\u011f\u0131n\u0131 belirtti.<br \/>\n<br \/>AK Parti Sar\u0131g\u00f6l \u0130l\u00e7e Ba\u015fkan\u0131 Nihat Demirci ise Zafer I\u015f\u0131k\u2019\u0131n ziyaretinden duydu\u011fu memnuniyeti dile getirerek, &#8220;Genel Merkezimizin deste\u011fiyle il\u00e7emizde halk\u0131m\u0131z\u0131n beklentilerine yan\u0131t verecek projelere h\u0131z kesmeden devam edece\u011fiz.&#8221; dedi.<br \/>\n<br \/>Ziyaret, kar\u015f\u0131l\u0131kl\u0131 g\u00f6r\u00fc\u015f al\u0131\u015fveri\u015fi ve gelecek d\u00f6neme y\u00f6nelik planlamalar\u0131n de\u011ferlendirilmesiyle sona erdi.<br \/><\/p>\n","protected":false},"excerpt":{"rendered":"<p>AK Parti 27. D\u00f6nem Bursa Milletvekili ve Genel Merkez Te\u015fkilat Ba\u015fkanl\u0131\u011f\u0131 Ege B\u00f6lge \u0130l Koordinat\u00f6r\u00fc Zafer I\u015f\u0131k, AK Parti Sar\u0131g\u00f6l \u0130l\u00e7e Te\u015fkilat\u0131n\u0131 ziyaret etti. \u0130l\u00e7e te\u015fkilat binas\u0131nda ger\u00e7ekle\u015ftirilen bulu\u015fmada, parti \u00e7al\u0131\u015fmalar\u0131, yerel y\u00f6netim faaliyetleri ve \u00f6n\u00fcm\u00fczdeki d\u00f6neme ili\u015fkin hedefler ele al\u0131nd\u0131. Toplant\u0131ya AK Parti Sar\u0131g\u00f6l \u0130l\u00e7e Ba\u015fkan\u0131 Nihat Demirci, y\u00f6netim kurulu \u00fcyeleri ve partililer kat\u0131ld\u0131&#8230;.<\/p>\n","protected":false},"author":1,"featured_media":63301,"comment_status":"open","ping_status":"open","sticky":false,"template":"","format":"standard","meta":{"_crdt_document":"","footnotes":""},"categories":[127],"tags":[],"class_list":["post-63300","post","type-post","status-publish","format-standard","has-post-thumbnail","hentry","category-siyaset"],"_links":{"self":[{"href":"https:\/\/www.egemtv.com\/index.php?rest_route=\/wp\/v2\/posts\/63300","targetHints":{"allow":["GET"]}}],"collection":[{"href":"https:\/\/www.egemtv.com\/index.php?rest_route=\/wp\/v2\/posts"}],"about":[{"href":"https:\/\/www.egemtv.com\/index.php?rest_route=\/wp\/v2\/types\/post"}],"author":[{"embeddable":true,"href":"https:\/\/www.egemtv.com\/index.php?rest_route=\/wp\/v2\/users\/1"}],"replies":[{"embeddable":true,"href":"https:\/\/www.egemtv.com\/index.php?rest_route=%2Fwp%2Fv2%2Fcomments&post=63300"}],"version-history":[{"count":1,"href":"https:\/\/www.egemtv.com\/index.php?rest_route=\/wp\/v2\/posts\/63300\/revisions"}],"predecessor-version":[{"id":63302,"href":"https:\/\/www.egemtv.com\/index.php?rest_route=\/wp\/v2\/posts\/63300\/revisions\/63302"}],"wp:featuredmedia":[{"embeddable":true,"href":"https:\/\/www.egemtv.com\/index.php?rest_route=\/wp\/v2\/media\/63301"}],"wp:attachment":[{"href":"https:\/\/www.egemtv.com\/index.php?rest_route=%2Fwp%2Fv2%2Fmedia&parent=63300"}],"wp:term":[{"taxonomy":"category","embeddable":true,"href":"https:\/\/www.egemtv.com\/index.php?rest_route=%2Fwp%2Fv2%2Fcategories&post=63300"},{"taxonomy":"post_tag","embeddable":true,"href":"https:\/\/www.egemtv.com\/index.php?rest_route=%2Fwp%2Fv2%2Ftags&post=63300"}],"curies":[{"name":"wp","href":"https:\/\/api.w.org\/{rel}","templated":true}]}}