{"id":63297,"date":"2025-10-23T12:55:11","date_gmt":"2025-10-23T09:55:11","guid":{"rendered":"https:\/\/www.egemtv.com\/?p=63297"},"modified":"2025-10-23T12:55:13","modified_gmt":"2025-10-23T09:55:13","slug":"soloturk-pamukkale-semalarinda-cumhuriyet-coskusunu-goklere-tasiyacak","status":"publish","type":"post","link":"https:\/\/www.egemtv.com\/?p=63297","title":{"rendered":"SoloT\u00fcrk Pamukkale Semalar\u0131nda Cumhuriyet Co\u015fkusunu G\u00f6klere Ta\u015f\u0131yacak"},"content":{"rendered":"<p>Denizli\u2019de Cumhuriyetin 102. y\u0131l\u0131 kutlamalar\u0131 kapsam\u0131nda, T\u00fcrk Hava Kuvvetleri\u2019nin gururu SoloT\u00fcrk, Pamukkale\u2019nin b\u00fcy\u00fcleyici manzaras\u0131nda Denizlililere unutulmaz bir g\u00f6steri sunacak.<br \/>\n<br \/>Denizli Valili\u011fi, Cumhuriyetimizin 102. y\u0131l\u0131 etkinlikleri kapsam\u0131nda g\u00f6ky\u00fcz\u00fcnde b\u00fcy\u00fcleyici bir g\u00f6steriye ev sahipli\u011fi yapmaya haz\u0131rlan\u0131yor. T\u00fcrk Hava Kuvvetleri\u2019nin akrobasi timi SoloT\u00fcrk, 25 Ekim 2025 Cumartesi g\u00fcn\u00fc saat 15.00\u2019te Pamukkale Mahallesi Koca\u00e7ukur Mevkii \u00fczerinde ger\u00e7ekle\u015ftirece\u011fi \u00f6zel g\u00f6steriyle Cumhuriyet co\u015fkusunu g\u00f6klere ta\u015f\u0131yacak.Denizli Valili\u011fi koordinasyonunda, \u0130l K\u00fclt\u00fcr ve Turizm M\u00fcd\u00fcrl\u00fc\u011f\u00fc ev sahipli\u011finde d\u00fczenlenecek etkinlikte,  SoloT\u00fcrk\u2019\u00fcn sergileyece\u011fi y\u00fcksek h\u0131z ve hassasiyet gerektiren manevralar izleyenleri b\u00fcy\u00fcleyecek.<br \/>\n<br \/>Pamukkale\u2019nin beyaz travertenleri ve s\u0131cak hava balonlar\u0131 e\u015fli\u011finde ger\u00e7ekle\u015fecek g\u00f6steri, hem yerli hem yabanc\u0131 ziyaret\u00e7ilere g\u00f6rsel bir \u015f\u00f6len sunacak. Denizli semalar\u0131, milli gururumuzun izleriyle k\u0131rm\u0131z\u0131 beyaza b\u00fcr\u00fcnecek.Valilik, t\u00fcm vatanda\u015flar\u0131 Cumhuriyetin 102. y\u0131l\u0131 onuruna d\u00fczenlenen bu unutulmaz etkinli\u011fe davet ederken, \u00f6ren yerine giri\u015flerin M\u00fczekart ile yap\u0131laca\u011f\u0131n\u0131 hat\u0131rlatt\u0131.<br \/><\/p>\n","protected":false},"excerpt":{"rendered":"<p>Denizli\u2019de Cumhuriyetin 102. y\u0131l\u0131 kutlamalar\u0131 kapsam\u0131nda, T\u00fcrk Hava Kuvvetleri\u2019nin gururu SoloT\u00fcrk, Pamukkale\u2019nin b\u00fcy\u00fcleyici manzaras\u0131nda Denizlililere unutulmaz bir g\u00f6steri sunacak. Denizli Valili\u011fi, Cumhuriyetimizin 102. y\u0131l\u0131 etkinlikleri kapsam\u0131nda g\u00f6ky\u00fcz\u00fcnde b\u00fcy\u00fcleyici bir g\u00f6steriye ev sahipli\u011fi yapmaya haz\u0131rlan\u0131yor. T\u00fcrk Hava Kuvvetleri\u2019nin akrobasi timi SoloT\u00fcrk, 25 Ekim 2025 Cumartesi g\u00fcn\u00fc saat 15.00\u2019te Pamukkale Mahallesi Koca\u00e7ukur Mevkii \u00fczerinde ger\u00e7ekle\u015ftirece\u011fi \u00f6zel g\u00f6steriyle&#8230;<\/p>\n","protected":false},"author":1,"featured_media":63298,"comment_status":"open","ping_status":"open","sticky":false,"template":"","format":"standard","meta":{"_crdt_document":"","footnotes":""},"categories":[1],"tags":[],"class_list":["post-63297","post","type-post","status-publish","format-standard","has-post-thumbnail","hentry","category-guncel"],"_links":{"self":[{"href":"https:\/\/www.egemtv.com\/index.php?rest_route=\/wp\/v2\/posts\/63297","targetHints":{"allow":["GET"]}}],"collection":[{"href":"https:\/\/www.egemtv.com\/index.php?rest_route=\/wp\/v2\/posts"}],"about":[{"href":"https:\/\/www.egemtv.com\/index.php?rest_route=\/wp\/v2\/types\/post"}],"author":[{"embeddable":true,"href":"https:\/\/www.egemtv.com\/index.php?rest_route=\/wp\/v2\/users\/1"}],"replies":[{"embeddable":true,"href":"https:\/\/www.egemtv.com\/index.php?rest_route=%2Fwp%2Fv2%2Fcomments&post=63297"}],"version-history":[{"count":1,"href":"https:\/\/www.egemtv.com\/index.php?rest_route=\/wp\/v2\/posts\/63297\/revisions"}],"predecessor-version":[{"id":63299,"href":"https:\/\/www.egemtv.com\/index.php?rest_route=\/wp\/v2\/posts\/63297\/revisions\/63299"}],"wp:featuredmedia":[{"embeddable":true,"href":"https:\/\/www.egemtv.com\/index.php?rest_route=\/wp\/v2\/media\/63298"}],"wp:attachment":[{"href":"https:\/\/www.egemtv.com\/index.php?rest_route=%2Fwp%2Fv2%2Fmedia&parent=63297"}],"wp:term":[{"taxonomy":"category","embeddable":true,"href":"https:\/\/www.egemtv.com\/index.php?rest_route=%2Fwp%2Fv2%2Fcategories&post=63297"},{"taxonomy":"post_tag","embeddable":true,"href":"https:\/\/www.egemtv.com\/index.php?rest_route=%2Fwp%2Fv2%2Ftags&post=63297"}],"curies":[{"name":"wp","href":"https:\/\/api.w.org\/{rel}","templated":true}]}}