{"id":63288,"date":"2025-10-23T12:55:05","date_gmt":"2025-10-23T09:55:05","guid":{"rendered":"https:\/\/www.egemtv.com\/?p=63288"},"modified":"2025-10-23T12:55:06","modified_gmt":"2025-10-23T09:55:06","slug":"drift-yaparken-kameralara-yakalanan-arac-trafikten-men-edildi","status":"publish","type":"post","link":"https:\/\/www.egemtv.com\/?p=63288","title":{"rendered":"Drift yaparken kameralara yakalanan ara\u00e7 trafikten men edildi"},"content":{"rendered":"<p>Isparta \u0130l Jandarma Komutanl\u0131\u011f\u0131 ekipleri, G\u00f6nen il\u00e7esindeki bir akaryak\u0131t istasyonunda drift yapan arac\u0131 tespit etti. S\u00fcr\u00fcc\u00fcye hem idari hem de adli i\u015flem uyguland\u0131.<br \/>\n<br \/>Edinilen bilgiye g\u00f6re, G\u00f6nen il\u00e7esindeki bir akaryak\u0131t istasyonunda bir arac\u0131n drift yapt\u0131\u011f\u0131 ihbar\u0131 \u00fczerine \u0130l Jandarma Komutanl\u0131\u011f\u0131 ekipleri harekete ge\u00e7ti. Yap\u0131lan inceleme sonucunda drift yapan ara\u00e7 ve s\u00fcr\u00fcc\u00fcs\u00fc k\u0131sa s\u00fcrede tespit edildi. Belgesiz ara\u00e7 kulland\u0131\u011f\u0131 belirlenen s\u00fcr\u00fcc\u00fcye trafik idari para cezas\u0131 uygulan\u0131rken, ara\u00e7 60 g\u00fcn s\u00fcreyle trafikten men edildi. Olayla ilgili olarak s\u00fcr\u00fcc\u00fc hakk\u0131nda ayr\u0131ca &#8220;trafik g\u00fcvenli\u011fini tehlikeye sokmak&#8221; su\u00e7undan adli i\u015flem ba\u015flat\u0131ld\u0131\u011f\u0131 \u00f6\u011frenildi.<br \/><\/p>\n","protected":false},"excerpt":{"rendered":"<p>Isparta \u0130l Jandarma Komutanl\u0131\u011f\u0131 ekipleri, G\u00f6nen il\u00e7esindeki bir akaryak\u0131t istasyonunda drift yapan arac\u0131 tespit etti. S\u00fcr\u00fcc\u00fcye hem idari hem de adli i\u015flem uyguland\u0131. Edinilen bilgiye g\u00f6re, G\u00f6nen il\u00e7esindeki bir akaryak\u0131t istasyonunda bir arac\u0131n drift yapt\u0131\u011f\u0131 ihbar\u0131 \u00fczerine \u0130l Jandarma Komutanl\u0131\u011f\u0131 ekipleri harekete ge\u00e7ti. Yap\u0131lan inceleme sonucunda drift yapan ara\u00e7 ve s\u00fcr\u00fcc\u00fcs\u00fc k\u0131sa s\u00fcrede tespit edildi&#8230;.<\/p>\n","protected":false},"author":1,"featured_media":63289,"comment_status":"open","ping_status":"open","sticky":false,"template":"","format":"standard","meta":{"_crdt_document":"","footnotes":""},"categories":[5],"tags":[],"class_list":["post-63288","post","type-post","status-publish","format-standard","has-post-thumbnail","hentry","category-asayis"],"_links":{"self":[{"href":"https:\/\/www.egemtv.com\/index.php?rest_route=\/wp\/v2\/posts\/63288","targetHints":{"allow":["GET"]}}],"collection":[{"href":"https:\/\/www.egemtv.com\/index.php?rest_route=\/wp\/v2\/posts"}],"about":[{"href":"https:\/\/www.egemtv.com\/index.php?rest_route=\/wp\/v2\/types\/post"}],"author":[{"embeddable":true,"href":"https:\/\/www.egemtv.com\/index.php?rest_route=\/wp\/v2\/users\/1"}],"replies":[{"embeddable":true,"href":"https:\/\/www.egemtv.com\/index.php?rest_route=%2Fwp%2Fv2%2Fcomments&post=63288"}],"version-history":[{"count":1,"href":"https:\/\/www.egemtv.com\/index.php?rest_route=\/wp\/v2\/posts\/63288\/revisions"}],"predecessor-version":[{"id":63290,"href":"https:\/\/www.egemtv.com\/index.php?rest_route=\/wp\/v2\/posts\/63288\/revisions\/63290"}],"wp:featuredmedia":[{"embeddable":true,"href":"https:\/\/www.egemtv.com\/index.php?rest_route=\/wp\/v2\/media\/63289"}],"wp:attachment":[{"href":"https:\/\/www.egemtv.com\/index.php?rest_route=%2Fwp%2Fv2%2Fmedia&parent=63288"}],"wp:term":[{"taxonomy":"category","embeddable":true,"href":"https:\/\/www.egemtv.com\/index.php?rest_route=%2Fwp%2Fv2%2Fcategories&post=63288"},{"taxonomy":"post_tag","embeddable":true,"href":"https:\/\/www.egemtv.com\/index.php?rest_route=%2Fwp%2Fv2%2Ftags&post=63288"}],"curies":[{"name":"wp","href":"https:\/\/api.w.org\/{rel}","templated":true}]}}