{"id":63285,"date":"2025-10-23T12:55:02","date_gmt":"2025-10-23T09:55:02","guid":{"rendered":"https:\/\/www.egemtv.com\/?p=63285"},"modified":"2025-10-23T12:55:04","modified_gmt":"2025-10-23T09:55:04","slug":"uyuduklari-esnada-asma-tavan-uzerine-coken-kadin-hastaneden-taburcu-oldu","status":"publish","type":"post","link":"https:\/\/www.egemtv.com\/?p=63285","title":{"rendered":"Uyuduklar\u0131 esnada asma tavan \u00fczerine \u00e7\u00f6ken kad\u0131n hastaneden taburcu oldu"},"content":{"rendered":"<p>Burdur\u2019da uyuduklar\u0131 esnada asma tavan\u0131n \u00fczerlerine \u00e7\u00f6kmesiyle yaralanan kad\u0131n, tedavisinin ard\u0131ndan hastaneden taburcu oldu. Molozlardan dolay\u0131 harabeye d\u00f6nen oda ise \u00e7ift taraf\u0131ndan g\u00f6r\u00fcnt\u00fclendi.<br \/>\n<br \/>Olay, gece saatlerinde Bur\u00e7 Mahallesi \u015eehit \u00d6zpolat Caddesi\u2019ndeki bir apartmanda meydana geldi. Edinilen bilgiye g\u00f6re, k\u0131sa s\u00fcre \u00f6nce evlerindeki tavanda tadilat yap\u0131lan \u0130smail K. ve Elif K. \u00e7ifti evlerinde uyuduklar\u0131 esnada asma tavan \u00fczerlerine \u00e7\u00f6kt\u00fc. Elif K. yaralan\u0131rken, \u0130smail K. olay\u0131 hafif s\u0131yr\u0131klarla atlatt\u0131. \u0130hbar \u00fczerine adrese sa\u011fl\u0131k ve polis ekipleri sevk edildi. Yaral\u0131 kad\u0131n, sa\u011fl\u0131k ekipleri taraf\u0131ndan yap\u0131lan m\u00fcdahalenin ard\u0131ndan ambulansla Burdur Devlet Hastanesine kald\u0131r\u0131ld\u0131. Tedavisi tamamlanan Elif K., sabah saatlerinde hastaneden taburcu oldu. D\u00f6k\u00fclen molozlarla harabeye d\u00f6nen oda ise \u00e7ift taraf\u0131ndan g\u00f6r\u00fcnt\u00fclendi.<br \/><\/p>\n","protected":false},"excerpt":{"rendered":"<p>Burdur\u2019da uyuduklar\u0131 esnada asma tavan\u0131n \u00fczerlerine \u00e7\u00f6kmesiyle yaralanan kad\u0131n, tedavisinin ard\u0131ndan hastaneden taburcu oldu. Molozlardan dolay\u0131 harabeye d\u00f6nen oda ise \u00e7ift taraf\u0131ndan g\u00f6r\u00fcnt\u00fclendi. Olay, gece saatlerinde Bur\u00e7 Mahallesi \u015eehit \u00d6zpolat Caddesi\u2019ndeki bir apartmanda meydana geldi. Edinilen bilgiye g\u00f6re, k\u0131sa s\u00fcre \u00f6nce evlerindeki tavanda tadilat yap\u0131lan \u0130smail K. ve Elif K. \u00e7ifti evlerinde uyuduklar\u0131 esnada asma&#8230;<\/p>\n","protected":false},"author":1,"featured_media":63286,"comment_status":"open","ping_status":"open","sticky":false,"template":"","format":"standard","meta":{"_crdt_document":"","footnotes":""},"categories":[5],"tags":[],"class_list":["post-63285","post","type-post","status-publish","format-standard","has-post-thumbnail","hentry","category-asayis"],"_links":{"self":[{"href":"https:\/\/www.egemtv.com\/index.php?rest_route=\/wp\/v2\/posts\/63285","targetHints":{"allow":["GET"]}}],"collection":[{"href":"https:\/\/www.egemtv.com\/index.php?rest_route=\/wp\/v2\/posts"}],"about":[{"href":"https:\/\/www.egemtv.com\/index.php?rest_route=\/wp\/v2\/types\/post"}],"author":[{"embeddable":true,"href":"https:\/\/www.egemtv.com\/index.php?rest_route=\/wp\/v2\/users\/1"}],"replies":[{"embeddable":true,"href":"https:\/\/www.egemtv.com\/index.php?rest_route=%2Fwp%2Fv2%2Fcomments&post=63285"}],"version-history":[{"count":1,"href":"https:\/\/www.egemtv.com\/index.php?rest_route=\/wp\/v2\/posts\/63285\/revisions"}],"predecessor-version":[{"id":63287,"href":"https:\/\/www.egemtv.com\/index.php?rest_route=\/wp\/v2\/posts\/63285\/revisions\/63287"}],"wp:featuredmedia":[{"embeddable":true,"href":"https:\/\/www.egemtv.com\/index.php?rest_route=\/wp\/v2\/media\/63286"}],"wp:attachment":[{"href":"https:\/\/www.egemtv.com\/index.php?rest_route=%2Fwp%2Fv2%2Fmedia&parent=63285"}],"wp:term":[{"taxonomy":"category","embeddable":true,"href":"https:\/\/www.egemtv.com\/index.php?rest_route=%2Fwp%2Fv2%2Fcategories&post=63285"},{"taxonomy":"post_tag","embeddable":true,"href":"https:\/\/www.egemtv.com\/index.php?rest_route=%2Fwp%2Fv2%2Ftags&post=63285"}],"curies":[{"name":"wp","href":"https:\/\/api.w.org\/{rel}","templated":true}]}}