{"id":63282,"date":"2025-10-23T12:15:17","date_gmt":"2025-10-23T09:15:17","guid":{"rendered":"https:\/\/www.egemtv.com\/?p=63282"},"modified":"2025-10-23T12:15:18","modified_gmt":"2025-10-23T09:15:18","slug":"afyonkarahisarda-meme-kanseri-farkindalik-ayi-etkinlikleri-suruyor","status":"publish","type":"post","link":"https:\/\/www.egemtv.com\/?p=63282","title":{"rendered":"Afyonkarahisar\u2019da \u2018Meme Kanseri Fark\u0131ndal\u0131k Ay\u0131\u2019 etkinlikleri s\u00fcr\u00fcyor"},"content":{"rendered":"<p>Afyonkarahisar Merkez Toplum Sa\u011fl\u0131\u011f\u0131 Merkezi taraf\u0131ndan \u2018Meme Kanseri Fark\u0131ndal\u0131k Ay\u0131&#8221; \u00e7er\u00e7evesinde fark\u0131ndal\u0131k olu\u015fturmak ve erken te\u015fhisin \u00f6nemine dikkat \u00e7ekmek amac\u0131yla etkinlikler ger\u00e7ekle\u015ftirildi.<br \/>\n<br \/>Merkez Toplum Sa\u011fl\u0131\u011f\u0131 Merkezi ekipleri, Kad\u0131n Konukevleri ve \u015eiddet \u00d6nleme ve \u0130zleme Merkezi (\u015e\u00d6N\u0130M) ile ileti\u015fime ge\u00e7erek burada kalan kad\u0131nlar\u0131 tarama program\u0131na d\u00e2hil etti. Ayr\u0131ca il\u00e7e birimleriyle koordineli \u015fekilde toplu kanser taramalar\u0131 yap\u0131ld\u0131. Afyonkarahisar\u2019da hizmet veren her iki KETEM biriminde de bilgilendirme stantlar\u0131 kuruldu. Vatanda\u015flara bro\u015f\u00fcrler da\u011f\u0131t\u0131larak erken te\u015fhisin ve erken te\u015fhiste de taramalar\u0131n \u00f6nemi anlat\u0131ld\u0131, \u00e7e\u015fitli ikramlarda bulunuldu. Etkinlik alanlar\u0131n\u0131 \u0130l Sa\u011fl\u0131k M\u00fcd\u00fcrl\u00fc\u011f\u00fc y\u00f6neticileri de ziyaret ederek \u00e7al\u0131\u015fmalar hakk\u0131nda bilgi ald\u0131. Ziyaret\u00e7ilere fark\u0131ndal\u0131k sembol\u00fc olarak pembe kurdele tak\u0131ld\u0131.<br \/>\n<br \/>Y\u00fcr\u00fct\u00fclen fark\u0131ndal\u0131k \u00e7al\u0131\u015fmalar\u0131yla, meme kanserinde erken te\u015fhisin hayat kurtard\u0131\u011f\u0131 vurgulanarak daha fazla kad\u0131n\u0131n d\u00fczenli taramalara kat\u0131lmas\u0131 hedefleniyor.<br \/><\/p>\n","protected":false},"excerpt":{"rendered":"<p>Afyonkarahisar Merkez Toplum Sa\u011fl\u0131\u011f\u0131 Merkezi taraf\u0131ndan \u2018Meme Kanseri Fark\u0131ndal\u0131k Ay\u0131&#8221; \u00e7er\u00e7evesinde fark\u0131ndal\u0131k olu\u015fturmak ve erken te\u015fhisin \u00f6nemine dikkat \u00e7ekmek amac\u0131yla etkinlikler ger\u00e7ekle\u015ftirildi. Merkez Toplum Sa\u011fl\u0131\u011f\u0131 Merkezi ekipleri, Kad\u0131n Konukevleri ve \u015eiddet \u00d6nleme ve \u0130zleme Merkezi (\u015e\u00d6N\u0130M) ile ileti\u015fime ge\u00e7erek burada kalan kad\u0131nlar\u0131 tarama program\u0131na d\u00e2hil etti. Ayr\u0131ca il\u00e7e birimleriyle koordineli \u015fekilde toplu kanser taramalar\u0131 yap\u0131ld\u0131&#8230;.<\/p>\n","protected":false},"author":1,"featured_media":63283,"comment_status":"open","ping_status":"open","sticky":false,"template":"","format":"standard","meta":{"_crdt_document":"","footnotes":""},"categories":[2],"tags":[],"class_list":["post-63282","post","type-post","status-publish","format-standard","has-post-thumbnail","hentry","category-saglik"],"_links":{"self":[{"href":"https:\/\/www.egemtv.com\/index.php?rest_route=\/wp\/v2\/posts\/63282","targetHints":{"allow":["GET"]}}],"collection":[{"href":"https:\/\/www.egemtv.com\/index.php?rest_route=\/wp\/v2\/posts"}],"about":[{"href":"https:\/\/www.egemtv.com\/index.php?rest_route=\/wp\/v2\/types\/post"}],"author":[{"embeddable":true,"href":"https:\/\/www.egemtv.com\/index.php?rest_route=\/wp\/v2\/users\/1"}],"replies":[{"embeddable":true,"href":"https:\/\/www.egemtv.com\/index.php?rest_route=%2Fwp%2Fv2%2Fcomments&post=63282"}],"version-history":[{"count":1,"href":"https:\/\/www.egemtv.com\/index.php?rest_route=\/wp\/v2\/posts\/63282\/revisions"}],"predecessor-version":[{"id":63284,"href":"https:\/\/www.egemtv.com\/index.php?rest_route=\/wp\/v2\/posts\/63282\/revisions\/63284"}],"wp:featuredmedia":[{"embeddable":true,"href":"https:\/\/www.egemtv.com\/index.php?rest_route=\/wp\/v2\/media\/63283"}],"wp:attachment":[{"href":"https:\/\/www.egemtv.com\/index.php?rest_route=%2Fwp%2Fv2%2Fmedia&parent=63282"}],"wp:term":[{"taxonomy":"category","embeddable":true,"href":"https:\/\/www.egemtv.com\/index.php?rest_route=%2Fwp%2Fv2%2Fcategories&post=63282"},{"taxonomy":"post_tag","embeddable":true,"href":"https:\/\/www.egemtv.com\/index.php?rest_route=%2Fwp%2Fv2%2Ftags&post=63282"}],"curies":[{"name":"wp","href":"https:\/\/api.w.org\/{rel}","templated":true}]}}