{"id":63279,"date":"2025-10-23T12:15:15","date_gmt":"2025-10-23T09:15:15","guid":{"rendered":"https:\/\/www.egemtv.com\/?p=63279"},"modified":"2025-10-23T12:15:16","modified_gmt":"2025-10-23T09:15:16","slug":"yunusemrenin-mali-hazirlik-butcesi-3-milyar-175-milyon-tl","status":"publish","type":"post","link":"https:\/\/www.egemtv.com\/?p=63279","title":{"rendered":"Yunusemre\u2019nin mali haz\u0131rl\u0131k b\u00fct\u00e7esi 3 milyar 175 milyon TL"},"content":{"rendered":"<p>Yunusemre Belediyesi Meclis Ekim Ay\u0131 Toplant\u0131s\u0131 ikinci birle\u015fimi Belediye Ba\u015fkan\u0131 Semih Balaban ba\u015fkanl\u0131\u011f\u0131nda yap\u0131ld\u0131. Toplant\u0131da 2026 y\u0131l\u0131 Mali Haz\u0131rl\u0131k B\u00fct\u00e7esi 3 milyar 175 milyon TL olarak kabul edilirken, Yuntda\u011f\u0131 b\u00f6lgesindeki 7 mahallenin k\u0131rsal mahalleye d\u00f6n\u00fc\u015ft\u00fcr\u00fclmesi karar\u0131 oy birli\u011fi ile kabul edilerek Manisa B\u00fcy\u00fck\u015fehir Belediye Meclisine g\u00f6nderildi.<br \/>\n<br \/>Yunusemre Belediyesi Ekim Ay\u0131 Meclis Toplant\u0131s\u0131 ikinci birle\u015fimi Belediye Ba\u015fkan\u0131 Semih Balaban ba\u015fkanl\u0131\u011f\u0131nda ger\u00e7ekle\u015ftirildi. Ferdi Zeyrek Millet \u00c7ar\u015f\u0131s\u0131 \u0130smail Hakk\u0131 Tongu\u00e7 Konferans Salonunda d\u00fczenlenen toplant\u0131n\u0131n 7 Ekim Sal\u0131 g\u00fcn\u00fc yap\u0131lan ilk birle\u015fiminde 36, d\u00fcn yap\u0131lan ikinci birle\u015fiminde ise 7 madde olmak \u00fczere toplam 43 madde g\u00f6r\u00fc\u015f\u00fcld\u00fc. Toplant\u0131da 2026 y\u0131l\u0131 Performans program\u0131 ve Yunusemre Belediyesi 2026 y\u0131l\u0131 Mali Haz\u0131rl\u0131k B\u00fct\u00e7esi 3 milyar 175 milyon TL olarak oy \u00e7oklu\u011fu ile kabul edildi.<\/p>\n<p>7 mahalle k\u0131rsal mahalle kapsam\u0131na al\u0131nacak<br \/>\n<br \/>Toplant\u0131n\u0131n g\u00fcndeminde Yuntda\u011f\u0131 mahallelerinden Otmanlar, Sarma, T\u00fcrkmen, Kocakoru, Mollas\u00fcleymanl\u0131, Karaya\u011fc\u0131hac\u0131lar ve S\u00fcmb\u00fcltepe mahallelerinin k\u0131rsal mahalle kapsam\u0131na al\u0131nmas\u0131 da vard\u0131. Madde oy birli\u011fi kabul edilerek b\u00fcy\u00fck\u015fehir meclisine g\u00f6nderildi. Kas\u0131m Ay\u0131 Meclis Toplant\u0131s\u0131\u2019n\u0131n 6 Kas\u0131m Per\u015fembe g\u00fcn\u00fc saat 18.00\u2019de yap\u0131lmas\u0131 kararla\u015ft\u0131r\u0131ld\u0131.<br \/><\/p>\n","protected":false},"excerpt":{"rendered":"<p>Yunusemre Belediyesi Meclis Ekim Ay\u0131 Toplant\u0131s\u0131 ikinci birle\u015fimi Belediye Ba\u015fkan\u0131 Semih Balaban ba\u015fkanl\u0131\u011f\u0131nda yap\u0131ld\u0131. Toplant\u0131da 2026 y\u0131l\u0131 Mali Haz\u0131rl\u0131k B\u00fct\u00e7esi 3 milyar 175 milyon TL olarak kabul edilirken, Yuntda\u011f\u0131 b\u00f6lgesindeki 7 mahallenin k\u0131rsal mahalleye d\u00f6n\u00fc\u015ft\u00fcr\u00fclmesi karar\u0131 oy birli\u011fi ile kabul edilerek Manisa B\u00fcy\u00fck\u015fehir Belediye Meclisine g\u00f6nderildi. Yunusemre Belediyesi Ekim Ay\u0131 Meclis Toplant\u0131s\u0131 ikinci birle\u015fimi Belediye&#8230;<\/p>\n","protected":false},"author":1,"featured_media":63280,"comment_status":"open","ping_status":"open","sticky":false,"template":"","format":"standard","meta":{"_crdt_document":"","footnotes":""},"categories":[127],"tags":[],"class_list":["post-63279","post","type-post","status-publish","format-standard","has-post-thumbnail","hentry","category-siyaset"],"_links":{"self":[{"href":"https:\/\/www.egemtv.com\/index.php?rest_route=\/wp\/v2\/posts\/63279","targetHints":{"allow":["GET"]}}],"collection":[{"href":"https:\/\/www.egemtv.com\/index.php?rest_route=\/wp\/v2\/posts"}],"about":[{"href":"https:\/\/www.egemtv.com\/index.php?rest_route=\/wp\/v2\/types\/post"}],"author":[{"embeddable":true,"href":"https:\/\/www.egemtv.com\/index.php?rest_route=\/wp\/v2\/users\/1"}],"replies":[{"embeddable":true,"href":"https:\/\/www.egemtv.com\/index.php?rest_route=%2Fwp%2Fv2%2Fcomments&post=63279"}],"version-history":[{"count":1,"href":"https:\/\/www.egemtv.com\/index.php?rest_route=\/wp\/v2\/posts\/63279\/revisions"}],"predecessor-version":[{"id":63281,"href":"https:\/\/www.egemtv.com\/index.php?rest_route=\/wp\/v2\/posts\/63279\/revisions\/63281"}],"wp:featuredmedia":[{"embeddable":true,"href":"https:\/\/www.egemtv.com\/index.php?rest_route=\/wp\/v2\/media\/63280"}],"wp:attachment":[{"href":"https:\/\/www.egemtv.com\/index.php?rest_route=%2Fwp%2Fv2%2Fmedia&parent=63279"}],"wp:term":[{"taxonomy":"category","embeddable":true,"href":"https:\/\/www.egemtv.com\/index.php?rest_route=%2Fwp%2Fv2%2Fcategories&post=63279"},{"taxonomy":"post_tag","embeddable":true,"href":"https:\/\/www.egemtv.com\/index.php?rest_route=%2Fwp%2Fv2%2Ftags&post=63279"}],"curies":[{"name":"wp","href":"https:\/\/api.w.org\/{rel}","templated":true}]}}