{"id":63276,"date":"2025-10-23T12:15:13","date_gmt":"2025-10-23T09:15:13","guid":{"rendered":"https:\/\/www.egemtv.com\/?p=63276"},"modified":"2025-10-23T12:15:14","modified_gmt":"2025-10-23T09:15:14","slug":"salihlide-altinordu-okulu-mezunlari-dernek-kuruyor","status":"publish","type":"post","link":"https:\/\/www.egemtv.com\/?p=63276","title":{"rendered":"Salihli\u2019de Alt\u0131nordu Okulu mezunlar\u0131 dernek kuruyor"},"content":{"rendered":"<p>Manisa\u2019n\u0131n Salihli il\u00e7esinde, Cumhuriyet\u2019in ilk y\u0131llar\u0131nda a\u00e7\u0131lan ve il\u00e7enin k\u00f6kl\u00fc e\u011fitim kurumlar\u0131ndan biri olan Alt\u0131nordu \u0130lkokulu\u2019nun mezunlar\u0131 ile \u00e7al\u0131\u015fanlar\u0131, okulun 100. y\u0131l\u0131 \u00f6ncesinde bir araya gelerek dernek kurma karar\u0131 ald\u0131.<br \/>\n<br \/>Alt\u0131nordu Okulu\u2019nun 1926 y\u0131l\u0131nda kuruldu\u011funu hat\u0131rlatan eski mezunlardan Ba\u015far\u0131 Ok\u00e7u, &#8220;Cumhuriyetimizin Salihli\u2019deki ilk okulu olan Alt\u0131nordu, 2026 y\u0131l\u0131nda 100. y\u0131l\u0131n\u0131 kutlayacak. Hem bu anlaml\u0131 y\u0131ld\u00f6n\u00fcm\u00fcn\u00fc en g\u00fczel \u015fekilde kutlamak hem de okulumuzu daha da geli\u015ftirmek amac\u0131yla bir dernek kurma karar\u0131 ald\u0131k. Derne\u011fimizin kurulu\u015f s\u00fcrecinin ard\u0131ndan, mezunlar\u0131m\u0131z ve okul \u00e7al\u0131\u015fanlar\u0131m\u0131zla geni\u015f kat\u0131l\u0131ml\u0131 bir toplant\u0131 ger\u00e7ekle\u015ftirece\u011fiz.&#8221; Dedi.<br \/>\n<br \/>Ok\u00e7u, kurulacak derne\u011fin amac\u0131n\u0131n sadece kutlama faaliyetleriyle s\u0131n\u0131rl\u0131 olmad\u0131\u011f\u0131n\u0131, ayn\u0131 zamanda okulun tarihine sahip \u00e7\u0131kmak, dayan\u0131\u015fmay\u0131 g\u00fc\u00e7lendirmek ve yeni nesillere Cumhuriyet\u2019in e\u011fitim miras\u0131n\u0131 aktarmak oldu\u011funu da vurgulad\u0131.<br \/><\/p>\n","protected":false},"excerpt":{"rendered":"<p>Manisa\u2019n\u0131n Salihli il\u00e7esinde, Cumhuriyet\u2019in ilk y\u0131llar\u0131nda a\u00e7\u0131lan ve il\u00e7enin k\u00f6kl\u00fc e\u011fitim kurumlar\u0131ndan biri olan Alt\u0131nordu \u0130lkokulu\u2019nun mezunlar\u0131 ile \u00e7al\u0131\u015fanlar\u0131, okulun 100. y\u0131l\u0131 \u00f6ncesinde bir araya gelerek dernek kurma karar\u0131 ald\u0131. Alt\u0131nordu Okulu\u2019nun 1926 y\u0131l\u0131nda kuruldu\u011funu hat\u0131rlatan eski mezunlardan Ba\u015far\u0131 Ok\u00e7u, &#8220;Cumhuriyetimizin Salihli\u2019deki ilk okulu olan Alt\u0131nordu, 2026 y\u0131l\u0131nda 100. y\u0131l\u0131n\u0131 kutlayacak. Hem bu anlaml\u0131 y\u0131ld\u00f6n\u00fcm\u00fcn\u00fc&#8230;<\/p>\n","protected":false},"author":1,"featured_media":63277,"comment_status":"open","ping_status":"open","sticky":false,"template":"","format":"standard","meta":{"_crdt_document":"","footnotes":""},"categories":[5],"tags":[],"class_list":["post-63276","post","type-post","status-publish","format-standard","has-post-thumbnail","hentry","category-asayis"],"_links":{"self":[{"href":"https:\/\/www.egemtv.com\/index.php?rest_route=\/wp\/v2\/posts\/63276","targetHints":{"allow":["GET"]}}],"collection":[{"href":"https:\/\/www.egemtv.com\/index.php?rest_route=\/wp\/v2\/posts"}],"about":[{"href":"https:\/\/www.egemtv.com\/index.php?rest_route=\/wp\/v2\/types\/post"}],"author":[{"embeddable":true,"href":"https:\/\/www.egemtv.com\/index.php?rest_route=\/wp\/v2\/users\/1"}],"replies":[{"embeddable":true,"href":"https:\/\/www.egemtv.com\/index.php?rest_route=%2Fwp%2Fv2%2Fcomments&post=63276"}],"version-history":[{"count":1,"href":"https:\/\/www.egemtv.com\/index.php?rest_route=\/wp\/v2\/posts\/63276\/revisions"}],"predecessor-version":[{"id":63278,"href":"https:\/\/www.egemtv.com\/index.php?rest_route=\/wp\/v2\/posts\/63276\/revisions\/63278"}],"wp:featuredmedia":[{"embeddable":true,"href":"https:\/\/www.egemtv.com\/index.php?rest_route=\/wp\/v2\/media\/63277"}],"wp:attachment":[{"href":"https:\/\/www.egemtv.com\/index.php?rest_route=%2Fwp%2Fv2%2Fmedia&parent=63276"}],"wp:term":[{"taxonomy":"category","embeddable":true,"href":"https:\/\/www.egemtv.com\/index.php?rest_route=%2Fwp%2Fv2%2Fcategories&post=63276"},{"taxonomy":"post_tag","embeddable":true,"href":"https:\/\/www.egemtv.com\/index.php?rest_route=%2Fwp%2Fv2%2Ftags&post=63276"}],"curies":[{"name":"wp","href":"https:\/\/api.w.org\/{rel}","templated":true}]}}