{"id":63273,"date":"2025-10-23T12:15:10","date_gmt":"2025-10-23T09:15:10","guid":{"rendered":"https:\/\/www.egemtv.com\/?p=63273"},"modified":"2025-10-23T12:15:12","modified_gmt":"2025-10-23T09:15:12","slug":"afyonkarahisarda-hedef-yks-ve-lgs-calistayi-gerceklestirildi","status":"publish","type":"post","link":"https:\/\/www.egemtv.com\/?p=63273","title":{"rendered":"Afyonkarahisar\u2019da \u2018Hedef YKS ve LGS\u2019 \u00e7al\u0131\u015ftay\u0131 ger\u00e7ekle\u015ftirildi"},"content":{"rendered":"<p>Afyonkarahisar\u2019da \u00f6\u011frenci ve \u00f6\u011fretmenlerin kat\u0131l\u0131m\u0131yla \u2018Hedef YKS ve LGS\u2019 proje \u00e7al\u0131\u015ftay\u0131 ger\u00e7ekle\u015ftirildi.<br \/>\n<br \/>\u0130l Milli E\u011fitim M\u00fcd\u00fcr\u00fc Mira\u00e7 S\u00fcnnetci, \u015e\u00fckr\u00fc \u00c7elikalay \u0130mam Hatip Ortaokulunu ziyaret ederek \u00f6\u011fretmen ve \u00f6\u011frencilerle bir araya geldi. S\u0131n\u0131flar\u0131 tek tek ziyaret eden S\u00fcnnetci \u00f6\u011frencilerle keyifli sohbetler ger\u00e7ekle\u015ftirdi. S\u0131n\u0131f ziyaretlerinin ard\u0131ndan okulun konferans salonunda &#8220;Hedef YKS ve LGS&#8221; Proje \u00c7al\u0131\u015ftay\u0131 d\u00fczenlendi. \u00c7al\u0131\u015ftayda, \u00f6\u011frencilerin akademik ba\u015far\u0131lar\u0131n\u0131 artt\u0131rmaya y\u00f6nelik proje fikirleri, \u00f6l\u00e7me ve de\u011ferlendirme stratejileri ile s\u0131nav motivasyonu konular\u0131nda g\u00f6r\u00fc\u015f al\u0131\u015fveri\u015finde bulunuldu. \u00d6\u011fretmenlerin ve idarecilerin kat\u0131l\u0131m\u0131yla ger\u00e7ekle\u015ftirilen \u00e7al\u0131\u015ftayda her bir \u00f6\u011frencinin hedeflerine ula\u015fmalar\u0131 konusunda uygun bireysel planlar\u0131n haz\u0131rlanmas\u0131 ve uygulanmas\u0131na vurgu yapan S\u00fcnnetci &#8220;Hem LGS hem de YKS s\u0131navlar\u0131na haz\u0131rlanan \u00f6\u011frencilerimiz i\u00e7in sistemli bir rehberlik s\u00fcrecinin y\u00fcr\u00fct\u00fclmesi gerekiyor. Ba\u015far\u0131n\u0131n temelinde emek, motivasyon ve do\u011fru y\u00f6nlendirmeler vard\u0131r. Her \u00f6\u011frencimizi kendi potansiyelini ke\u015ffetmeleri y\u00f6n\u00fcnde okullar\u0131m\u0131zda g\u00fc\u00e7l\u00fc bir ekip ruhuyla \u00e7al\u0131\u015fmal\u0131y\u0131z. Bizlerin bug\u00fcn g\u00f6sterdi\u011fi fedakarl\u0131k yar\u0131n ba\u015far\u0131 olarak meyvesini verecektir. Bu fedakarl\u0131k i\u00e7in \u015fimdiden hepinize te\u015fekk\u00fcr ediyorum. G\u00fc\u00e7l\u00fc T\u00fcrkiye i\u00e7in g\u00fc\u00e7l\u00fc i\u015fbirli\u011fi laz\u0131m&#8221; dedi.<br \/><\/p>\n","protected":false},"excerpt":{"rendered":"<p>Afyonkarahisar\u2019da \u00f6\u011frenci ve \u00f6\u011fretmenlerin kat\u0131l\u0131m\u0131yla \u2018Hedef YKS ve LGS\u2019 proje \u00e7al\u0131\u015ftay\u0131 ger\u00e7ekle\u015ftirildi. \u0130l Milli E\u011fitim M\u00fcd\u00fcr\u00fc Mira\u00e7 S\u00fcnnetci, \u015e\u00fckr\u00fc \u00c7elikalay \u0130mam Hatip Ortaokulunu ziyaret ederek \u00f6\u011fretmen ve \u00f6\u011frencilerle bir araya geldi. S\u0131n\u0131flar\u0131 tek tek ziyaret eden S\u00fcnnetci \u00f6\u011frencilerle keyifli sohbetler ger\u00e7ekle\u015ftirdi. S\u0131n\u0131f ziyaretlerinin ard\u0131ndan okulun konferans salonunda &#8220;Hedef YKS ve LGS&#8221; Proje \u00c7al\u0131\u015ftay\u0131 d\u00fczenlendi. \u00c7al\u0131\u015ftayda,&#8230;<\/p>\n","protected":false},"author":1,"featured_media":63274,"comment_status":"open","ping_status":"open","sticky":false,"template":"","format":"standard","meta":{"_crdt_document":"","footnotes":""},"categories":[1],"tags":[],"class_list":["post-63273","post","type-post","status-publish","format-standard","has-post-thumbnail","hentry","category-guncel"],"_links":{"self":[{"href":"https:\/\/www.egemtv.com\/index.php?rest_route=\/wp\/v2\/posts\/63273","targetHints":{"allow":["GET"]}}],"collection":[{"href":"https:\/\/www.egemtv.com\/index.php?rest_route=\/wp\/v2\/posts"}],"about":[{"href":"https:\/\/www.egemtv.com\/index.php?rest_route=\/wp\/v2\/types\/post"}],"author":[{"embeddable":true,"href":"https:\/\/www.egemtv.com\/index.php?rest_route=\/wp\/v2\/users\/1"}],"replies":[{"embeddable":true,"href":"https:\/\/www.egemtv.com\/index.php?rest_route=%2Fwp%2Fv2%2Fcomments&post=63273"}],"version-history":[{"count":1,"href":"https:\/\/www.egemtv.com\/index.php?rest_route=\/wp\/v2\/posts\/63273\/revisions"}],"predecessor-version":[{"id":63275,"href":"https:\/\/www.egemtv.com\/index.php?rest_route=\/wp\/v2\/posts\/63273\/revisions\/63275"}],"wp:featuredmedia":[{"embeddable":true,"href":"https:\/\/www.egemtv.com\/index.php?rest_route=\/wp\/v2\/media\/63274"}],"wp:attachment":[{"href":"https:\/\/www.egemtv.com\/index.php?rest_route=%2Fwp%2Fv2%2Fmedia&parent=63273"}],"wp:term":[{"taxonomy":"category","embeddable":true,"href":"https:\/\/www.egemtv.com\/index.php?rest_route=%2Fwp%2Fv2%2Fcategories&post=63273"},{"taxonomy":"post_tag","embeddable":true,"href":"https:\/\/www.egemtv.com\/index.php?rest_route=%2Fwp%2Fv2%2Ftags&post=63273"}],"curies":[{"name":"wp","href":"https:\/\/api.w.org\/{rel}","templated":true}]}}