{"id":63270,"date":"2025-10-23T11:54:47","date_gmt":"2025-10-23T08:54:47","guid":{"rendered":"https:\/\/www.egemtv.com\/?p=63270"},"modified":"2025-10-23T11:54:48","modified_gmt":"2025-10-23T08:54:48","slug":"toprak-yiginina-carpan-motosiklet-surucusu-hayatini-kaybetti","status":"publish","type":"post","link":"https:\/\/www.egemtv.com\/?p=63270","title":{"rendered":"Toprak y\u0131\u011f\u0131n\u0131na \u00e7arpan motosiklet s\u00fcr\u00fcc\u00fcs\u00fc hayat\u0131n\u0131 kaybetti"},"content":{"rendered":"<p>Manisa\u2019da sabah saatlerinde meydana gelen motosiklet kazas\u0131nda bir ki\u015fi hayat\u0131n\u0131 kaybetti.<br \/>\n<br \/>Edinilen bilgiye g\u00f6re, Manisa\u2019da y\u0131llarca motosiklet camias\u0131nda hizmet veren ve motosiklet tutkusu ile tan\u0131nan  Arif Caner \u00c7i\u00e7ek (30) idaresindeki motosiklet, yap\u0131m\u0131 devam eden Gediz K\u00f6pr\u00fcl\u00fc Kav\u015fa\u011f\u0131 \u015fantiyesi yak\u0131nlar\u0131nda kontrolden \u00e7\u0131karak toprak y\u0131\u011f\u0131n\u0131na \u00e7arpt\u0131. \u00c7arpman\u0131n etkisiyle savrulan motosiklet yol kenar\u0131ndaki kanala d\u00fc\u015ft\u00fc.<br \/>\n<br \/>\u0130hbar \u00fczerine olay yerine sa\u011fl\u0131k, polis ve itfaiye ekipleri sevk edildi. Ekiplerin \u00e7al\u0131\u015fmas\u0131 sonucu kanaldan \u00e7\u0131kar\u0131lan \u00c7i\u00e7ek\u2019in hayat\u0131n\u0131 kaybetti\u011fi belirlendi.<br \/>\n<br \/>\u00c7i\u00e7ek\u2019in cenazesi, incelemenin ard\u0131ndan otopsi i\u00e7in Manisa Merkezefendi Devlet Hastanesi Adli T\u0131p Morgu\u2019na kald\u0131r\u0131ld\u0131.<br \/><\/p>\n","protected":false},"excerpt":{"rendered":"<p>Manisa\u2019da sabah saatlerinde meydana gelen motosiklet kazas\u0131nda bir ki\u015fi hayat\u0131n\u0131 kaybetti. Edinilen bilgiye g\u00f6re, Manisa\u2019da y\u0131llarca motosiklet camias\u0131nda hizmet veren ve motosiklet tutkusu ile tan\u0131nan Arif Caner \u00c7i\u00e7ek (30) idaresindeki motosiklet, yap\u0131m\u0131 devam eden Gediz K\u00f6pr\u00fcl\u00fc Kav\u015fa\u011f\u0131 \u015fantiyesi yak\u0131nlar\u0131nda kontrolden \u00e7\u0131karak toprak y\u0131\u011f\u0131n\u0131na \u00e7arpt\u0131. \u00c7arpman\u0131n etkisiyle savrulan motosiklet yol kenar\u0131ndaki kanala d\u00fc\u015ft\u00fc. \u0130hbar \u00fczerine olay&#8230;<\/p>\n","protected":false},"author":1,"featured_media":63271,"comment_status":"open","ping_status":"open","sticky":false,"template":"","format":"standard","meta":{"_crdt_document":"","footnotes":""},"categories":[5],"tags":[],"class_list":["post-63270","post","type-post","status-publish","format-standard","has-post-thumbnail","hentry","category-asayis"],"_links":{"self":[{"href":"https:\/\/www.egemtv.com\/index.php?rest_route=\/wp\/v2\/posts\/63270","targetHints":{"allow":["GET"]}}],"collection":[{"href":"https:\/\/www.egemtv.com\/index.php?rest_route=\/wp\/v2\/posts"}],"about":[{"href":"https:\/\/www.egemtv.com\/index.php?rest_route=\/wp\/v2\/types\/post"}],"author":[{"embeddable":true,"href":"https:\/\/www.egemtv.com\/index.php?rest_route=\/wp\/v2\/users\/1"}],"replies":[{"embeddable":true,"href":"https:\/\/www.egemtv.com\/index.php?rest_route=%2Fwp%2Fv2%2Fcomments&post=63270"}],"version-history":[{"count":1,"href":"https:\/\/www.egemtv.com\/index.php?rest_route=\/wp\/v2\/posts\/63270\/revisions"}],"predecessor-version":[{"id":63272,"href":"https:\/\/www.egemtv.com\/index.php?rest_route=\/wp\/v2\/posts\/63270\/revisions\/63272"}],"wp:featuredmedia":[{"embeddable":true,"href":"https:\/\/www.egemtv.com\/index.php?rest_route=\/wp\/v2\/media\/63271"}],"wp:attachment":[{"href":"https:\/\/www.egemtv.com\/index.php?rest_route=%2Fwp%2Fv2%2Fmedia&parent=63270"}],"wp:term":[{"taxonomy":"category","embeddable":true,"href":"https:\/\/www.egemtv.com\/index.php?rest_route=%2Fwp%2Fv2%2Fcategories&post=63270"},{"taxonomy":"post_tag","embeddable":true,"href":"https:\/\/www.egemtv.com\/index.php?rest_route=%2Fwp%2Fv2%2Ftags&post=63270"}],"curies":[{"name":"wp","href":"https:\/\/api.w.org\/{rel}","templated":true}]}}