{"id":63264,"date":"2025-10-23T11:54:44","date_gmt":"2025-10-23T08:54:44","guid":{"rendered":"https:\/\/www.egemtv.com\/?p=63264"},"modified":"2025-10-23T11:54:45","modified_gmt":"2025-10-23T08:54:45","slug":"servis-soforlerine-yonelik-guvenli-trafik-egitimi","status":"publish","type":"post","link":"https:\/\/www.egemtv.com\/?p=63264","title":{"rendered":"Servis \u015fof\u00f6rlerine y\u00f6nelik g\u00fcvenli trafik e\u011fitimi"},"content":{"rendered":"<p>Afyonkarahisar\u2019da g\u00fcvenlik g\u00fc\u00e7leri taraf\u0131ndan servis \u015fof\u00f6rlerine y\u00f6nelik g\u00fcvenli trafik e\u011fitimi verildi.<br \/>\n<br \/>E\u011fitim \u00e7al\u0131\u015fmas\u0131 Afyonkarahisar \u0130l Jandarma Komutanl\u0131\u011f\u0131 ve \u0130l Emniyet M\u00fcd\u00fcrl\u00fc\u011f\u00fcne ba\u011fl\u0131 ekipler taraf\u0131ndan verildi. Milli E\u011fitim M\u00fcd\u00fcrl\u00fc\u011f\u00fc konferans salonunda ger\u00e7ekle\u015ftirilen e\u011fitim \u00e7al\u0131\u015fmas\u0131na 133 servis \u015fof\u00f6r\u00fc kat\u0131ld\u0131. E\u011fitim \u00e7al\u0131\u015fmas\u0131nda \u2018Okul Servis Ara\u00e7lar\u0131 Hizmet Y\u00f6netmeli\u011fi ve Genel Trafik Konular\u0131\u2019 hakk\u0131nda bilgiler verildi.<br \/><\/p>\n","protected":false},"excerpt":{"rendered":"<p>Afyonkarahisar\u2019da g\u00fcvenlik g\u00fc\u00e7leri taraf\u0131ndan servis \u015fof\u00f6rlerine y\u00f6nelik g\u00fcvenli trafik e\u011fitimi verildi. E\u011fitim \u00e7al\u0131\u015fmas\u0131 Afyonkarahisar \u0130l Jandarma Komutanl\u0131\u011f\u0131 ve \u0130l Emniyet M\u00fcd\u00fcrl\u00fc\u011f\u00fcne ba\u011fl\u0131 ekipler taraf\u0131ndan verildi. Milli E\u011fitim M\u00fcd\u00fcrl\u00fc\u011f\u00fc konferans salonunda ger\u00e7ekle\u015ftirilen e\u011fitim \u00e7al\u0131\u015fmas\u0131na 133 servis \u015fof\u00f6r\u00fc kat\u0131ld\u0131. E\u011fitim \u00e7al\u0131\u015fmas\u0131nda \u2018Okul Servis Ara\u00e7lar\u0131 Hizmet Y\u00f6netmeli\u011fi ve Genel Trafik Konular\u0131\u2019 hakk\u0131nda bilgiler verildi.<\/p>\n","protected":false},"author":1,"featured_media":63265,"comment_status":"open","ping_status":"open","sticky":false,"template":"","format":"standard","meta":{"_crdt_document":"","footnotes":""},"categories":[1],"tags":[],"class_list":["post-63264","post","type-post","status-publish","format-standard","has-post-thumbnail","hentry","category-guncel"],"_links":{"self":[{"href":"https:\/\/www.egemtv.com\/index.php?rest_route=\/wp\/v2\/posts\/63264","targetHints":{"allow":["GET"]}}],"collection":[{"href":"https:\/\/www.egemtv.com\/index.php?rest_route=\/wp\/v2\/posts"}],"about":[{"href":"https:\/\/www.egemtv.com\/index.php?rest_route=\/wp\/v2\/types\/post"}],"author":[{"embeddable":true,"href":"https:\/\/www.egemtv.com\/index.php?rest_route=\/wp\/v2\/users\/1"}],"replies":[{"embeddable":true,"href":"https:\/\/www.egemtv.com\/index.php?rest_route=%2Fwp%2Fv2%2Fcomments&post=63264"}],"version-history":[{"count":1,"href":"https:\/\/www.egemtv.com\/index.php?rest_route=\/wp\/v2\/posts\/63264\/revisions"}],"predecessor-version":[{"id":63266,"href":"https:\/\/www.egemtv.com\/index.php?rest_route=\/wp\/v2\/posts\/63264\/revisions\/63266"}],"wp:featuredmedia":[{"embeddable":true,"href":"https:\/\/www.egemtv.com\/index.php?rest_route=\/wp\/v2\/media\/63265"}],"wp:attachment":[{"href":"https:\/\/www.egemtv.com\/index.php?rest_route=%2Fwp%2Fv2%2Fmedia&parent=63264"}],"wp:term":[{"taxonomy":"category","embeddable":true,"href":"https:\/\/www.egemtv.com\/index.php?rest_route=%2Fwp%2Fv2%2Fcategories&post=63264"},{"taxonomy":"post_tag","embeddable":true,"href":"https:\/\/www.egemtv.com\/index.php?rest_route=%2Fwp%2Fv2%2Ftags&post=63264"}],"curies":[{"name":"wp","href":"https:\/\/api.w.org\/{rel}","templated":true}]}}