{"id":63261,"date":"2025-10-23T11:54:42","date_gmt":"2025-10-23T08:54:42","guid":{"rendered":"https:\/\/www.egemtv.com\/?p=63261"},"modified":"2025-10-23T11:54:43","modified_gmt":"2025-10-23T08:54:43","slug":"sultanhisarda-tel-kirma-kursu-basladi","status":"publish","type":"post","link":"https:\/\/www.egemtv.com\/?p=63261","title":{"rendered":"Sultanhisar\u2019da tel k\u0131rma kursu ba\u015flad\u0131"},"content":{"rendered":"<p>Ayd\u0131n\u2019\u0131n Sultanhisar il\u00e7esinde Halk E\u011fitimi Merkezi taraf\u0131ndan el sanatlar\u0131na ilgi duyan vatanda\u015flara y\u00f6nelik d\u00fczenlenen Tel K\u0131rma Kursu, At\u00e7a Mahallesi\u2019ndeki Ek Hizmet Binas\u0131\u2019nda ba\u015flad\u0131.<\/p>\n<p>Kursun a\u00e7\u0131l\u0131\u015f\u0131na Sultanhisar Halk E\u011fitimi Merkezi M\u00fcd\u00fcr\u00fc Melik \u00c7olak, \u00f6\u011fretmenler ve kursiyerler kat\u0131ld\u0131. A\u00e7\u0131l\u0131\u015fta konu\u015fan \u00c7olak, kursiyerlere ba\u015far\u0131lar ve kolayl\u0131klar dileyerek kursun hay\u0131rl\u0131 olmas\u0131n\u0131 temenni etti. \u00c7olak ayr\u0131ca kurs s\u00fcreci, ders g\u00fcnleri ve saatleri hakk\u0131nda kat\u0131l\u0131mc\u0131lara bilgi verdi. Tel k\u0131rma kursu \u00f6\u011fretmeni ise derslerde kullan\u0131lacak malzemeler ve uygulama a\u015famalar\u0131 hakk\u0131nda kursiyerleri bilgilendirdi. Kursun ilk g\u00fcn\u00fcnde kat\u0131l\u0131mc\u0131lar\u0131n haz\u0131rlad\u0131\u011f\u0131 ikramlarla samimi bir tan\u0131\u015fma ve kayna\u015fma ortam\u0131 olu\u015ftu. Sultanhisar Halk E\u011fitimi Merkezi yetkilileri, kursun verimli ve \u00fcretken bir e\u011fitim s\u00fcreciyle tamamlanmas\u0131 temennisinde bulundu.<br \/><\/p>\n","protected":false},"excerpt":{"rendered":"<p>Ayd\u0131n\u2019\u0131n Sultanhisar il\u00e7esinde Halk E\u011fitimi Merkezi taraf\u0131ndan el sanatlar\u0131na ilgi duyan vatanda\u015flara y\u00f6nelik d\u00fczenlenen Tel K\u0131rma Kursu, At\u00e7a Mahallesi\u2019ndeki Ek Hizmet Binas\u0131\u2019nda ba\u015flad\u0131. Kursun a\u00e7\u0131l\u0131\u015f\u0131na Sultanhisar Halk E\u011fitimi Merkezi M\u00fcd\u00fcr\u00fc Melik \u00c7olak, \u00f6\u011fretmenler ve kursiyerler kat\u0131ld\u0131. A\u00e7\u0131l\u0131\u015fta konu\u015fan \u00c7olak, kursiyerlere ba\u015far\u0131lar ve kolayl\u0131klar dileyerek kursun hay\u0131rl\u0131 olmas\u0131n\u0131 temenni etti. \u00c7olak ayr\u0131ca kurs s\u00fcreci, ders g\u00fcnleri&#8230;<\/p>\n","protected":false},"author":1,"featured_media":63262,"comment_status":"open","ping_status":"open","sticky":false,"template":"","format":"standard","meta":{"_crdt_document":"","footnotes":""},"categories":[1],"tags":[],"class_list":["post-63261","post","type-post","status-publish","format-standard","has-post-thumbnail","hentry","category-guncel"],"_links":{"self":[{"href":"https:\/\/www.egemtv.com\/index.php?rest_route=\/wp\/v2\/posts\/63261","targetHints":{"allow":["GET"]}}],"collection":[{"href":"https:\/\/www.egemtv.com\/index.php?rest_route=\/wp\/v2\/posts"}],"about":[{"href":"https:\/\/www.egemtv.com\/index.php?rest_route=\/wp\/v2\/types\/post"}],"author":[{"embeddable":true,"href":"https:\/\/www.egemtv.com\/index.php?rest_route=\/wp\/v2\/users\/1"}],"replies":[{"embeddable":true,"href":"https:\/\/www.egemtv.com\/index.php?rest_route=%2Fwp%2Fv2%2Fcomments&post=63261"}],"version-history":[{"count":1,"href":"https:\/\/www.egemtv.com\/index.php?rest_route=\/wp\/v2\/posts\/63261\/revisions"}],"predecessor-version":[{"id":63263,"href":"https:\/\/www.egemtv.com\/index.php?rest_route=\/wp\/v2\/posts\/63261\/revisions\/63263"}],"wp:featuredmedia":[{"embeddable":true,"href":"https:\/\/www.egemtv.com\/index.php?rest_route=\/wp\/v2\/media\/63262"}],"wp:attachment":[{"href":"https:\/\/www.egemtv.com\/index.php?rest_route=%2Fwp%2Fv2%2Fmedia&parent=63261"}],"wp:term":[{"taxonomy":"category","embeddable":true,"href":"https:\/\/www.egemtv.com\/index.php?rest_route=%2Fwp%2Fv2%2Fcategories&post=63261"},{"taxonomy":"post_tag","embeddable":true,"href":"https:\/\/www.egemtv.com\/index.php?rest_route=%2Fwp%2Fv2%2Ftags&post=63261"}],"curies":[{"name":"wp","href":"https:\/\/api.w.org\/{rel}","templated":true}]}}