{"id":63258,"date":"2025-10-23T11:34:55","date_gmt":"2025-10-23T08:34:55","guid":{"rendered":"https:\/\/www.egemtv.com\/?p=63258"},"modified":"2025-10-23T11:34:57","modified_gmt":"2025-10-23T08:34:57","slug":"motosikletli-saldirganlar-is-yerine-tufekle-3-el-ates-acip-kacti","status":"publish","type":"post","link":"https:\/\/www.egemtv.com\/?p=63258","title":{"rendered":"Motosikletli sald\u0131rganlar i\u015f yerine t\u00fcfekle 3 el ate\u015f a\u00e7\u0131p ka\u00e7t\u0131"},"content":{"rendered":"<p>Denizli\u2019de 2 sald\u0131rgan, motosikletle bir spor salonuna t\u00fcfekle 3 el ate\u015f edip olay yerinden uzakla\u015ft\u0131. Olayda \u00f6len ya da yaralanan olmazken olay yerinden ka\u00e7an sald\u0131rganlar i\u00e7in geni\u015f \u00e7apl\u0131 arama \u00e7al\u0131\u015fmas\u0131 ba\u015flat\u0131ld\u0131.<br \/>\n<br \/>Olay, Pamukkale il\u00e7esi Atalar Mahallesi\u2019nde meydana geldi. Edinilen bilgilere g\u00f6re, gece saat 00.30 s\u0131ralar\u0131nda hen\u00fcz plakas\u0131 bilinmeyen motosiklette bulunan 2 ki\u015fi seyir halindeyken 892 Sokak\u2019ta faaliyet g\u00f6steren spor salonunun kap\u0131s\u0131na t\u00fcfekle 3 el ate\u015f etti. Silah seslerini duyan \u00e7evredeki vatanda\u015flar 112 Acil \u00c7a\u011fr\u0131 Merkezi\u2019ne bildirdi. \u0130hbar \u00fczerine b\u00f6lgeye polis ekipleri sevk edildi.<br \/>\n<br \/>Ate\u015f eden motosikletli sald\u0131rganlar olay yerinden ka\u00e7arak uzakla\u015ft\u0131. Olayda \u00f6len ya da yaralanan olmad\u0131\u011f\u0131 \u00f6\u011frenilirken spor salonunda maddi hasar meydana geldi. Polis ekipleri g\u00fcvenlik kameras\u0131nda yapt\u0131\u011f\u0131 incelemelerin ard\u0131ndan olay yerinden ka\u00e7an 2 sald\u0131rgan i\u00e7in geni\u015f \u00e7apl\u0131 arama \u00e7al\u0131\u015fmas\u0131 ba\u015flatt\u0131.<br \/><\/p>\n","protected":false},"excerpt":{"rendered":"<p>Denizli\u2019de 2 sald\u0131rgan, motosikletle bir spor salonuna t\u00fcfekle 3 el ate\u015f edip olay yerinden uzakla\u015ft\u0131. Olayda \u00f6len ya da yaralanan olmazken olay yerinden ka\u00e7an sald\u0131rganlar i\u00e7in geni\u015f \u00e7apl\u0131 arama \u00e7al\u0131\u015fmas\u0131 ba\u015flat\u0131ld\u0131. Olay, Pamukkale il\u00e7esi Atalar Mahallesi\u2019nde meydana geldi. Edinilen bilgilere g\u00f6re, gece saat 00.30 s\u0131ralar\u0131nda hen\u00fcz plakas\u0131 bilinmeyen motosiklette bulunan 2 ki\u015fi seyir halindeyken 892&#8230;<\/p>\n","protected":false},"author":1,"featured_media":63259,"comment_status":"open","ping_status":"open","sticky":false,"template":"","format":"standard","meta":{"_crdt_document":"","footnotes":""},"categories":[5],"tags":[],"class_list":["post-63258","post","type-post","status-publish","format-standard","has-post-thumbnail","hentry","category-asayis"],"_links":{"self":[{"href":"https:\/\/www.egemtv.com\/index.php?rest_route=\/wp\/v2\/posts\/63258","targetHints":{"allow":["GET"]}}],"collection":[{"href":"https:\/\/www.egemtv.com\/index.php?rest_route=\/wp\/v2\/posts"}],"about":[{"href":"https:\/\/www.egemtv.com\/index.php?rest_route=\/wp\/v2\/types\/post"}],"author":[{"embeddable":true,"href":"https:\/\/www.egemtv.com\/index.php?rest_route=\/wp\/v2\/users\/1"}],"replies":[{"embeddable":true,"href":"https:\/\/www.egemtv.com\/index.php?rest_route=%2Fwp%2Fv2%2Fcomments&post=63258"}],"version-history":[{"count":1,"href":"https:\/\/www.egemtv.com\/index.php?rest_route=\/wp\/v2\/posts\/63258\/revisions"}],"predecessor-version":[{"id":63260,"href":"https:\/\/www.egemtv.com\/index.php?rest_route=\/wp\/v2\/posts\/63258\/revisions\/63260"}],"wp:featuredmedia":[{"embeddable":true,"href":"https:\/\/www.egemtv.com\/index.php?rest_route=\/wp\/v2\/media\/63259"}],"wp:attachment":[{"href":"https:\/\/www.egemtv.com\/index.php?rest_route=%2Fwp%2Fv2%2Fmedia&parent=63258"}],"wp:term":[{"taxonomy":"category","embeddable":true,"href":"https:\/\/www.egemtv.com\/index.php?rest_route=%2Fwp%2Fv2%2Fcategories&post=63258"},{"taxonomy":"post_tag","embeddable":true,"href":"https:\/\/www.egemtv.com\/index.php?rest_route=%2Fwp%2Fv2%2Ftags&post=63258"}],"curies":[{"name":"wp","href":"https:\/\/api.w.org\/{rel}","templated":true}]}}