{"id":62571,"date":"2025-10-20T12:54:51","date_gmt":"2025-10-20T09:54:51","guid":{"rendered":"https:\/\/www.egemtv.com\/?p=62571"},"modified":"2025-10-20T12:54:53","modified_gmt":"2025-10-20T09:54:53","slug":"izmirdeki-13-yasindaki-kayip-kiz-cocugu-bulundu","status":"publish","type":"post","link":"https:\/\/www.egemtv.com\/?p=62571","title":{"rendered":"\u0130zmir\u2019deki 13 ya\u015f\u0131ndaki kay\u0131p k\u0131z \u00e7ocu\u011fu bulundu"},"content":{"rendered":"<p>\u0130zmir\u2019in Kiraz il\u00e7esinde kaybolan 13 ya\u015f\u0131ndaki k\u0131z \u00e7ocu\u011fu, ekiplerin \u00e7al\u0131\u015fmalar\u0131 sonucu sa\u011f salim bulundu. Sa\u011fl\u0131k durumunun iyi oldu\u011fu \u00f6\u011frenilen \u00e7ocu\u011fun, ailesinden izinsiz olarak bir arkada\u015f\u0131yla geziye \u00e7\u0131kt\u0131\u011f\u0131, daha sonra ise korktu\u011fu i\u00e7in evinin yak\u0131nlar\u0131nda sakland\u0131\u011f\u0131 belirtildi.<br \/>\n<br \/>Olay, Cumartesi g\u00fcn\u00fc saat 22.00 s\u0131ralar\u0131nda Kiraz il\u00e7esine ba\u011fl\u0131 k\u0131rsal Haliller k\u00f6y\u00fcnde meydana geldi. Edinilen bilgiye g\u00f6re, 13 ya\u015f\u0131ndaki B.H. isimli k\u0131z \u00e7ocu\u011fu, ailesiyle birlikte Haliller K\u00f6y\u00fc \u0130lkokulu bah\u00e7esinde d\u00fczenlenen bir d\u00fc\u011f\u00fcne kat\u0131ld\u0131. Bir s\u00fcre sonra k\u0131zlar\u0131n\u0131 okul bah\u00e7esinde g\u00f6remeyen aile, \u00e7evrede arama yapmaya ba\u015flad\u0131. Ancak B.H\u2019ye ula\u015famayan aile, durumu jandarma ekiplerine bildirdi. \u0130hbar \u00fczerine olay yerine gelen ekipler, okul \u00e7evresindeki g\u00fcvenlik kameras\u0131 g\u00f6r\u00fcnt\u00fclerini incelemeye ald\u0131. Kamera kay\u0131tlar\u0131 ve vatanda\u015flardan gelen ihbarlar do\u011frultusunda yap\u0131lan \u00e7al\u0131\u015fmalar sonucu, kay\u0131p B.H jandarma ve AFAD ekipleri taraf\u0131ndan evinin yak\u0131nlar\u0131nda sa\u011f salim bulundu. Yap\u0131lan kontrollerde sa\u011fl\u0131k durumunun iyi oldu\u011fu belirlenen B.H\u2019nin, ailesinden izinsiz olarak bir arkada\u015f\u0131yla gezmeye \u00e7\u0131kt\u0131\u011f\u0131 daha sonra korktu\u011fu i\u00e7in bir s\u00fcre evine yak\u0131n b\u00f6lgede sakland\u0131\u011f\u0131 \u00f6\u011frenildi.<br \/><\/p>\n","protected":false},"excerpt":{"rendered":"<p>\u0130zmir\u2019in Kiraz il\u00e7esinde kaybolan 13 ya\u015f\u0131ndaki k\u0131z \u00e7ocu\u011fu, ekiplerin \u00e7al\u0131\u015fmalar\u0131 sonucu sa\u011f salim bulundu. Sa\u011fl\u0131k durumunun iyi oldu\u011fu \u00f6\u011frenilen \u00e7ocu\u011fun, ailesinden izinsiz olarak bir arkada\u015f\u0131yla geziye \u00e7\u0131kt\u0131\u011f\u0131, daha sonra ise korktu\u011fu i\u00e7in evinin yak\u0131nlar\u0131nda sakland\u0131\u011f\u0131 belirtildi. Olay, Cumartesi g\u00fcn\u00fc saat 22.00 s\u0131ralar\u0131nda Kiraz il\u00e7esine ba\u011fl\u0131 k\u0131rsal Haliller k\u00f6y\u00fcnde meydana geldi. Edinilen bilgiye g\u00f6re, 13 ya\u015f\u0131ndaki&#8230;<\/p>\n","protected":false},"author":1,"featured_media":62572,"comment_status":"open","ping_status":"open","sticky":false,"template":"","format":"standard","meta":{"_crdt_document":"","footnotes":""},"categories":[5],"tags":[],"class_list":["post-62571","post","type-post","status-publish","format-standard","has-post-thumbnail","hentry","category-asayis"],"_links":{"self":[{"href":"https:\/\/www.egemtv.com\/index.php?rest_route=\/wp\/v2\/posts\/62571","targetHints":{"allow":["GET"]}}],"collection":[{"href":"https:\/\/www.egemtv.com\/index.php?rest_route=\/wp\/v2\/posts"}],"about":[{"href":"https:\/\/www.egemtv.com\/index.php?rest_route=\/wp\/v2\/types\/post"}],"author":[{"embeddable":true,"href":"https:\/\/www.egemtv.com\/index.php?rest_route=\/wp\/v2\/users\/1"}],"replies":[{"embeddable":true,"href":"https:\/\/www.egemtv.com\/index.php?rest_route=%2Fwp%2Fv2%2Fcomments&post=62571"}],"version-history":[{"count":1,"href":"https:\/\/www.egemtv.com\/index.php?rest_route=\/wp\/v2\/posts\/62571\/revisions"}],"predecessor-version":[{"id":62573,"href":"https:\/\/www.egemtv.com\/index.php?rest_route=\/wp\/v2\/posts\/62571\/revisions\/62573"}],"wp:featuredmedia":[{"embeddable":true,"href":"https:\/\/www.egemtv.com\/index.php?rest_route=\/wp\/v2\/media\/62572"}],"wp:attachment":[{"href":"https:\/\/www.egemtv.com\/index.php?rest_route=%2Fwp%2Fv2%2Fmedia&parent=62571"}],"wp:term":[{"taxonomy":"category","embeddable":true,"href":"https:\/\/www.egemtv.com\/index.php?rest_route=%2Fwp%2Fv2%2Fcategories&post=62571"},{"taxonomy":"post_tag","embeddable":true,"href":"https:\/\/www.egemtv.com\/index.php?rest_route=%2Fwp%2Fv2%2Ftags&post=62571"}],"curies":[{"name":"wp","href":"https:\/\/api.w.org\/{rel}","templated":true}]}}