{"id":62568,"date":"2025-10-20T12:54:49","date_gmt":"2025-10-20T09:54:49","guid":{"rendered":"https:\/\/www.egemtv.com\/?p=62568"},"modified":"2025-10-20T12:54:51","modified_gmt":"2025-10-20T09:54:51","slug":"pazarci-esnafindan-karsiyaka-belediyesi-onunde-eylem","status":"publish","type":"post","link":"https:\/\/www.egemtv.com\/?p=62568","title":{"rendered":"Pazarc\u0131 esnaf\u0131ndan Kar\u015f\u0131yaka Belediyesi \u00f6n\u00fcnde eylem"},"content":{"rendered":"<p>Kar\u015f\u0131yaka\u2019n\u0131n simgesi haline gelen Bostanl\u0131 Pazar\u0131\u2019n\u0131n haftada iki g\u00fcne \u00e7\u0131kar\u0131lmas\u0131 ve alan\u0131n bir \u015firkete devredilmesi plan\u0131, pazarc\u0131 esnaf\u0131n\u0131n tepkisine neden oldu. Kar\u015f\u0131yaka Belediyesi \u00f6n\u00fcnde toplanan esnaf, ba\u015fkan\u0131 protesto etti.<br \/>\n<br \/>Kar\u015f\u0131yaka Belediyesi\u2019nin, il\u00e7enin simgelerinden olan Bostanl\u0131 Pazaryeri\u2019nin i\u015fletme hakk\u0131n\u0131n belediye \u015firketi Kent A.\u015e. \u00fczerinden \u00f6zel bir firmaya devretmesine kar\u015f\u0131 \u00e7\u0131kan pazarc\u0131lar, Kar\u015f\u0131yaka Belediyesi \u00f6n\u00fcnde eylem ger\u00e7ekle\u015ftirdi. \u0130zmir Pazarc\u0131lar Odas\u0131 ve \u0130zmir Pazarc\u0131lar Derne\u011fi taraf\u0131ndan ger\u00e7ekle\u015fen eylemde, Kar\u015f\u0131yaka Belediye Ba\u015fkan\u0131 Behice Y\u0131ld\u0131z \u0130\u015f\u00e7imenler\u2019e tepki g\u00f6sterildi. \u0130zmir Pazarc\u0131lar Derne\u011fi Ba\u015fkan\u0131 Faysal Acar, Kar\u015f\u0131yaka Belediyesi ve ba\u011fl\u0131 \u015firketi Kent A.\u015e.\u2019nin &#8220;tekstil fuar\u0131&#8221; ad\u0131 alt\u0131nda Bostanl\u0131 Pazaryeri\u2019ndeki bin 300 tezg\u00e2h\u0131 usuls\u00fcz bi\u00e7imde sat\u0131\u015fa \u00e7\u0131karmaya \u00e7al\u0131\u015ft\u0131\u011f\u0131n\u0131 iddia etti. Dernek Ba\u015fkan\u0131 Faysal Acar, &#8220;Ne meclis karar\u0131 var ne enc\u00fcmen onay\u0131. 30 y\u0131ll\u0131k eme\u011fimizi kimse parayla satamaz&#8221; diyerek yasal s\u00fcrecin yok say\u0131ld\u0131\u011f\u0131n\u0131 ileri s\u00fcrd\u00fc.<\/p>\n<p>\u2018Tekstil fuar\u0131\u2019 ad\u0131yla sat\u0131\u015f yap\u0131ld\u0131\u011f\u0131 \u00f6ne s\u00fcr\u00fcld\u00fc<br \/>\n<br \/>Acar, Kar\u015f\u0131yaka Belediyesi\u2019ne ba\u011fl\u0131 Kent A.\u015e.\u2019nin ge\u00e7ti\u011fimiz hafta &#8220;Tekstil Fuar\u0131&#8221; ad\u0131 alt\u0131nda bir duyuru yapt\u0131\u011f\u0131n\u0131 belirterek, bu etkinli\u011fin &#8220;kelime oyunlar\u0131yla gizlenmi\u015f bir sat\u0131\u015f operasyonu&#8221; oldu\u011funu iddia etti. &#8220;Konak\u2019taki Mistral Kulesi\u2019nin 42\u2019nci kat\u0131nda bulunan bir hukuk b\u00fcrosu arac\u0131l\u0131\u011f\u0131yla randevulu tezg\u00e2h sat\u0131\u015f\u0131 yap\u0131ld\u0131\u011f\u0131, her bir tezg\u00e2h i\u00e7in 800 bin TL nakit talep edildi\u011fi bilgisi bize ula\u015ft\u0131&#8221; diyen Acar, bu i\u015flemlerin tamamen \u015feffafl\u0131k ve yasal denetimden yoksun oldu\u011funu savundu.<\/p>\n<p>&#8220;Ne meclis karar\u0131 ne ihale s\u00fcreci var&#8221;<br \/>\n<br \/>Dernek a\u00e7\u0131klamas\u0131nda, sat\u0131\u015f s\u00fcreciyle ilgili yasal hi\u00e7bir dayana\u011f\u0131n bulunmad\u0131\u011f\u0131 da vurguland\u0131. Acar, &#8220;Ne belediye meclis karar\u0131 var ne enc\u00fcmen karar\u0131 ne de ilgili komisyonlardan bir onay. Ask\u0131ya \u00e7\u0131kar\u0131lm\u0131\u015f bir duyuru, noter huzurunda yap\u0131lm\u0131\u015f bir tebli\u011f ya da ihale s\u00fcreci yok. Bu durumda yap\u0131lan i\u015flem hem hukuka hem de kamu vicdan\u0131na ayk\u0131r\u0131d\u0131r&#8221; ifadelerini kulland\u0131.<\/p>\n<p>&#8220;\u00d6demeyenlerin yerleri ba\u015fkalar\u0131na devredilecek&#8221; iddias\u0131<br \/>\n<br \/>Dernek, esnafa yap\u0131lan uyar\u0131larla bug\u00fcn mesai bitimine kadar 800 bin TL \u00f6denmezse, tezg\u00e2hlar\u0131n ba\u015fka ki\u015filere devredilece\u011finin s\u00f6ylendi\u011fini \u00f6ne s\u00fcrd\u00fc.<br \/>\n<br \/>Acar, &#8220;Pazarc\u0131 sicil kayd\u0131, vergi levhas\u0131 veya esnaf kayd\u0131 olmayan ki\u015filere bu yerlerin verilmesi planlan\u0131yor. Bu durum bin 300 aileyi etkileyecek b\u00fcy\u00fck bir ma\u011fduriyet do\u011furur. Esnaf\u0131 birbirine d\u00fc\u015f\u00fcrecek, huzuru bozacak bir tabloyla kar\u015f\u0131 kar\u015f\u0131yay\u0131z&#8221; dedi.<\/p>\n<p>Dernekten \u00e7a\u011fr\u0131: &#8220;Belgeler kamuoyuna a\u00e7\u0131klans\u0131n&#8221;<br \/>\n<br \/>\u0130zmir Pazarc\u0131lar Derne\u011fi, Kar\u015f\u0131yaka Belediyesi\u2019nden ve Kent A.\u015e.\u2019den, sat\u0131\u015fla ilgili t\u00fcm karar, \u00f6deme, tahsis ve fatura belgelerinin kamuoyuyla payla\u015f\u0131lmas\u0131n\u0131 istedi. Dernek a\u00e7\u0131klamas\u0131nda, &#8220;Meclis ve enc\u00fcmen karar\u0131 yoksa i\u015flem durdurulmal\u0131d\u0131r. Esnaf\u0131n hakk\u0131n\u0131 satmaya kalk\u0131\u015fanlar bunun hesab\u0131n\u0131 yarg\u0131 \u00f6n\u00fcnde verir&#8221; ifadelerine yer verildi.<br \/><\/p>\n","protected":false},"excerpt":{"rendered":"<p>Kar\u015f\u0131yaka\u2019n\u0131n simgesi haline gelen Bostanl\u0131 Pazar\u0131\u2019n\u0131n haftada iki g\u00fcne \u00e7\u0131kar\u0131lmas\u0131 ve alan\u0131n bir \u015firkete devredilmesi plan\u0131, pazarc\u0131 esnaf\u0131n\u0131n tepkisine neden oldu. Kar\u015f\u0131yaka Belediyesi \u00f6n\u00fcnde toplanan esnaf, ba\u015fkan\u0131 protesto etti. Kar\u015f\u0131yaka Belediyesi\u2019nin, il\u00e7enin simgelerinden olan Bostanl\u0131 Pazaryeri\u2019nin i\u015fletme hakk\u0131n\u0131n belediye \u015firketi Kent A.\u015e. \u00fczerinden \u00f6zel bir firmaya devretmesine kar\u015f\u0131 \u00e7\u0131kan pazarc\u0131lar, Kar\u015f\u0131yaka Belediyesi \u00f6n\u00fcnde eylem ger\u00e7ekle\u015ftirdi&#8230;.<\/p>\n","protected":false},"author":1,"featured_media":62569,"comment_status":"open","ping_status":"open","sticky":false,"template":"","format":"standard","meta":{"_crdt_document":"","footnotes":""},"categories":[1],"tags":[],"class_list":["post-62568","post","type-post","status-publish","format-standard","has-post-thumbnail","hentry","category-guncel"],"_links":{"self":[{"href":"https:\/\/www.egemtv.com\/index.php?rest_route=\/wp\/v2\/posts\/62568","targetHints":{"allow":["GET"]}}],"collection":[{"href":"https:\/\/www.egemtv.com\/index.php?rest_route=\/wp\/v2\/posts"}],"about":[{"href":"https:\/\/www.egemtv.com\/index.php?rest_route=\/wp\/v2\/types\/post"}],"author":[{"embeddable":true,"href":"https:\/\/www.egemtv.com\/index.php?rest_route=\/wp\/v2\/users\/1"}],"replies":[{"embeddable":true,"href":"https:\/\/www.egemtv.com\/index.php?rest_route=%2Fwp%2Fv2%2Fcomments&post=62568"}],"version-history":[{"count":1,"href":"https:\/\/www.egemtv.com\/index.php?rest_route=\/wp\/v2\/posts\/62568\/revisions"}],"predecessor-version":[{"id":62570,"href":"https:\/\/www.egemtv.com\/index.php?rest_route=\/wp\/v2\/posts\/62568\/revisions\/62570"}],"wp:featuredmedia":[{"embeddable":true,"href":"https:\/\/www.egemtv.com\/index.php?rest_route=\/wp\/v2\/media\/62569"}],"wp:attachment":[{"href":"https:\/\/www.egemtv.com\/index.php?rest_route=%2Fwp%2Fv2%2Fmedia&parent=62568"}],"wp:term":[{"taxonomy":"category","embeddable":true,"href":"https:\/\/www.egemtv.com\/index.php?rest_route=%2Fwp%2Fv2%2Fcategories&post=62568"},{"taxonomy":"post_tag","embeddable":true,"href":"https:\/\/www.egemtv.com\/index.php?rest_route=%2Fwp%2Fv2%2Ftags&post=62568"}],"curies":[{"name":"wp","href":"https:\/\/api.w.org\/{rel}","templated":true}]}}