{"id":62559,"date":"2025-10-20T12:34:53","date_gmt":"2025-10-20T09:34:53","guid":{"rendered":"https:\/\/www.egemtv.com\/?p=62559"},"modified":"2025-10-20T12:34:55","modified_gmt":"2025-10-20T09:34:55","slug":"afyonkarahisarda-hava-durumu-8","status":"publish","type":"post","link":"https:\/\/www.egemtv.com\/?p=62559","title":{"rendered":"Afyonkarahisar\u2019da hava durumu"},"content":{"rendered":"<p>Yap\u0131lan meteorolojik de\u011ferlendirmelere g\u00f6re, Afyonkarahisar\u2019da hafta boyunca ya\u011f\u0131\u015fl\u0131 havan\u0131n etkili olmas\u0131 bekleniyor.<br \/>\n<br \/>Meteorolojiden al\u0131nan verilere g\u00f6re, kentte bu hafta par\u00e7al\u0131 bulutlu ve kapal\u0131 bir havan\u0131n hakim olaca\u011f\u0131 tahmin ediliyor. Kentte ayr\u0131ca hafta sonuna kadar aral\u0131klarla sa\u011fanak ya\u011f\u0131\u015fl\u0131 olaca\u011f\u0131, s\u0131cakl\u0131klar\u0131n ise 9 ile 20 derece aras\u0131nda olmas\u0131 bekleniyor.<br \/><\/p>\n","protected":false},"excerpt":{"rendered":"<p>Yap\u0131lan meteorolojik de\u011ferlendirmelere g\u00f6re, Afyonkarahisar\u2019da hafta boyunca ya\u011f\u0131\u015fl\u0131 havan\u0131n etkili olmas\u0131 bekleniyor. Meteorolojiden al\u0131nan verilere g\u00f6re, kentte bu hafta par\u00e7al\u0131 bulutlu ve kapal\u0131 bir havan\u0131n hakim olaca\u011f\u0131 tahmin ediliyor. Kentte ayr\u0131ca hafta sonuna kadar aral\u0131klarla sa\u011fanak ya\u011f\u0131\u015fl\u0131 olaca\u011f\u0131, s\u0131cakl\u0131klar\u0131n ise 9 ile 20 derece aras\u0131nda olmas\u0131 bekleniyor.<\/p>\n","protected":false},"author":1,"featured_media":62560,"comment_status":"open","ping_status":"open","sticky":false,"template":"","format":"standard","meta":{"_crdt_document":"","footnotes":""},"categories":[1],"tags":[],"class_list":["post-62559","post","type-post","status-publish","format-standard","has-post-thumbnail","hentry","category-guncel"],"_links":{"self":[{"href":"https:\/\/www.egemtv.com\/index.php?rest_route=\/wp\/v2\/posts\/62559","targetHints":{"allow":["GET"]}}],"collection":[{"href":"https:\/\/www.egemtv.com\/index.php?rest_route=\/wp\/v2\/posts"}],"about":[{"href":"https:\/\/www.egemtv.com\/index.php?rest_route=\/wp\/v2\/types\/post"}],"author":[{"embeddable":true,"href":"https:\/\/www.egemtv.com\/index.php?rest_route=\/wp\/v2\/users\/1"}],"replies":[{"embeddable":true,"href":"https:\/\/www.egemtv.com\/index.php?rest_route=%2Fwp%2Fv2%2Fcomments&post=62559"}],"version-history":[{"count":1,"href":"https:\/\/www.egemtv.com\/index.php?rest_route=\/wp\/v2\/posts\/62559\/revisions"}],"predecessor-version":[{"id":62561,"href":"https:\/\/www.egemtv.com\/index.php?rest_route=\/wp\/v2\/posts\/62559\/revisions\/62561"}],"wp:featuredmedia":[{"embeddable":true,"href":"https:\/\/www.egemtv.com\/index.php?rest_route=\/wp\/v2\/media\/62560"}],"wp:attachment":[{"href":"https:\/\/www.egemtv.com\/index.php?rest_route=%2Fwp%2Fv2%2Fmedia&parent=62559"}],"wp:term":[{"taxonomy":"category","embeddable":true,"href":"https:\/\/www.egemtv.com\/index.php?rest_route=%2Fwp%2Fv2%2Fcategories&post=62559"},{"taxonomy":"post_tag","embeddable":true,"href":"https:\/\/www.egemtv.com\/index.php?rest_route=%2Fwp%2Fv2%2Ftags&post=62559"}],"curies":[{"name":"wp","href":"https:\/\/api.w.org\/{rel}","templated":true}]}}