{"id":62553,"date":"2025-10-20T12:15:35","date_gmt":"2025-10-20T09:15:35","guid":{"rendered":"https:\/\/www.egemtv.com\/?p=62553"},"modified":"2025-10-20T12:15:36","modified_gmt":"2025-10-20T09:15:36","slug":"menemende-muhtarlar-gunu-kutlandi","status":"publish","type":"post","link":"https:\/\/www.egemtv.com\/?p=62553","title":{"rendered":"Menemen\u2019de Muhtarlar G\u00fcn\u00fc kutland\u0131"},"content":{"rendered":"<p>\u0130zmir\u2019in Menemen il\u00e7erisnde Muhtarlar G\u00fcn\u00fc resmi t\u00f6renle kutland\u0131. Menemen Belediye Ba\u015fkan\u0131 Ayd\u0131n Pehlivan, &#8220;Bug\u00fcn Menemen\u2019in sokaklar\u0131nda, parklar\u0131nda, pazarlar\u0131nda, spor sahalar\u0131nda ve sosyal tesislerinde bir g\u00fczellik varsa, bunda siz de\u011ferli muhtarlar\u0131m\u0131z\u0131n da eme\u011fi, s\u00f6z\u00fc, y\u00f6nlendirmesi vard\u0131r.&#8221; dedi.<br \/>\n<br \/>19 Ekim Muhtarlar G\u00fcn\u00fc, Menemen\u2019de bir kez daha birli\u011fin, dayan\u0131\u015fman\u0131n ve bir arada olman\u0131n en g\u00fczel yans\u0131mas\u0131yla kutland\u0131. \u0130l\u00e7ede kutlamalar ilk olarak Menemen Cumhuriyet Meydan\u0131\u2019nda ger\u00e7ekle\u015ftirilen \u00e7elenk t\u00f6reniyle ba\u015flad\u0131. T\u00f6rene Menemen Belediye Ba\u015fkan\u0131 Ayd\u0131n Pehlivan, Menemen Kaymakam\u0131 Vedat Y\u0131lmaz, Menemen Muhtarlar Derne\u011fi Ba\u015fkan\u0131 Nevzat G\u00fcven, Menemen\u2019in muhtarlar\u0131, azalar, gaziler ve vatanda\u015flar kat\u0131ld\u0131. \u00c7elenk t\u00f6reni, toplu foto\u011fraf ile sona erdi.<br \/>\n<br \/>Muhtarlar G\u00fcn\u00fc i\u00e7in kutlamalar\u0131n ikinci adresiyse Menemen Belediyesi Tepe Sosyal Tesisleri oldu. Menemen Belediye Ba\u015fkan\u0131 Ayd\u0131n Pehlivan ve Menemen Kaymakam\u0131 Vedat Y\u0131lmaz muhtarlar ve aileleriyle ak\u015fam yeme\u011finde bir araya geldi. Menemen Muhtarlar Derne\u011fi Ba\u015fkan\u0131 Nevzat G\u00fcven, &#8220;Belediye Ba\u015fkan\u0131m\u0131z Say\u0131n Ayd\u0131n Pehlivan\u2019a her zaman bizlerle oldu\u011fu i\u00e7in, hizmetleri i\u00e7in te\u015fekk\u00fcr ediyorum. Biz de kendisiyle \u00e7al\u0131\u015fmaktan onur, gurur ve mutluluk duyuyoruz.&#8221; dedi.<\/p>\n<p>&#8220;Muhtarlar\u0131m\u0131z bizim en yak\u0131n \u00e7al\u0131\u015fma arkada\u015f\u0131m\u0131zd\u0131r&#8221;<br \/>\n<br \/>Etkinlikte konu\u015fma yapan Menemen Belediye Ba\u015fkan\u0131 Ayd\u0131n Pehlivan, &#8220;Muhtarl\u0131k, demokrasimizin en k\u00f6kl\u00fc ve en \u00f6nemli yap\u0131 ta\u015flar\u0131ndan biridir. Mahallelerimizin, k\u00f6ylerimizin g\u00f6z\u00fc, kula\u011f\u0131 ve sesi olarak; halk\u0131n derdini dinleyen, sorunlar\u0131yla birebir ilgilenen, \u00e7\u00f6z\u00fcm \u00fcretmek i\u00e7in fedak\u00e2rca \u00e7al\u0131\u015fan siz k\u0131ymetli muhtarlar\u0131m\u0131z, bizim en yak\u0131n \u00e7al\u0131\u015fma arkada\u015flar\u0131m\u0131zs\u0131n\u0131z. Birlikte y\u00fcr\u00fctt\u00fc\u011f\u00fcm\u00fcz her projede, mahallelerimize ve k\u00f6ylerimize dokundu\u011fumuz her hizmette sizlerin eme\u011fi, katk\u0131s\u0131 ve \u00f6nerisi bizler i\u00e7in \u00e7ok k\u0131ymetlidir. Her mahallemizin sesi oldunuz, her talebi bize ta\u015f\u0131d\u0131n\u0131z, her \u00e7\u00f6z\u00fcmde bizimle omuz omuza oldunuz. Bug\u00fcn Menemen\u2019in sokaklar\u0131nda, parklar\u0131nda, pazarlar\u0131nda, spor sahalar\u0131nda ve sosyal tesislerinde bir g\u00fczellik varsa, bunda siz de\u011ferli muhtarlar\u0131m\u0131z\u0131n da eme\u011fi, s\u00f6z\u00fc, y\u00f6nlendirmesi vard\u0131r. Siz s\u00f6ylediniz, biz yapt\u0131k. Siz istediniz, biz \u00fcrettik. Siz sahip \u00e7\u0131kt\u0131n\u0131z, biz b\u00fcy\u00fctt\u00fck. Bu y\u00fczden diyorum ki: Biz Menemen\u2019i y\u00f6neten de\u011fil, birlikte in\u015fa eden b\u00fcy\u00fck bir aileyiz. Sizlerle \u00e7al\u0131\u015fmaktan, yol arkada\u015fl\u0131\u011f\u0131 yapmaktan onur duyuyorum, gurur duyuyorum. Bu vesileyle, t\u00fcm muhtarlar\u0131m\u0131z\u0131n 19 Ekim Muhtarlar G\u00fcn\u00fc\u2019n\u00fc g\u00f6n\u00fclden kutluyorum.&#8221; dedi.<br \/><\/p>\n","protected":false},"excerpt":{"rendered":"<p>\u0130zmir\u2019in Menemen il\u00e7erisnde Muhtarlar G\u00fcn\u00fc resmi t\u00f6renle kutland\u0131. Menemen Belediye Ba\u015fkan\u0131 Ayd\u0131n Pehlivan, &#8220;Bug\u00fcn Menemen\u2019in sokaklar\u0131nda, parklar\u0131nda, pazarlar\u0131nda, spor sahalar\u0131nda ve sosyal tesislerinde bir g\u00fczellik varsa, bunda siz de\u011ferli muhtarlar\u0131m\u0131z\u0131n da eme\u011fi, s\u00f6z\u00fc, y\u00f6nlendirmesi vard\u0131r.&#8221; dedi. 19 Ekim Muhtarlar G\u00fcn\u00fc, Menemen\u2019de bir kez daha birli\u011fin, dayan\u0131\u015fman\u0131n ve bir arada olman\u0131n en g\u00fczel yans\u0131mas\u0131yla kutland\u0131. \u0130l\u00e7ede&#8230;<\/p>\n","protected":false},"author":1,"featured_media":62554,"comment_status":"open","ping_status":"open","sticky":false,"template":"","format":"standard","meta":{"_crdt_document":"","footnotes":""},"categories":[1],"tags":[],"class_list":["post-62553","post","type-post","status-publish","format-standard","has-post-thumbnail","hentry","category-guncel"],"_links":{"self":[{"href":"https:\/\/www.egemtv.com\/index.php?rest_route=\/wp\/v2\/posts\/62553","targetHints":{"allow":["GET"]}}],"collection":[{"href":"https:\/\/www.egemtv.com\/index.php?rest_route=\/wp\/v2\/posts"}],"about":[{"href":"https:\/\/www.egemtv.com\/index.php?rest_route=\/wp\/v2\/types\/post"}],"author":[{"embeddable":true,"href":"https:\/\/www.egemtv.com\/index.php?rest_route=\/wp\/v2\/users\/1"}],"replies":[{"embeddable":true,"href":"https:\/\/www.egemtv.com\/index.php?rest_route=%2Fwp%2Fv2%2Fcomments&post=62553"}],"version-history":[{"count":1,"href":"https:\/\/www.egemtv.com\/index.php?rest_route=\/wp\/v2\/posts\/62553\/revisions"}],"predecessor-version":[{"id":62555,"href":"https:\/\/www.egemtv.com\/index.php?rest_route=\/wp\/v2\/posts\/62553\/revisions\/62555"}],"wp:featuredmedia":[{"embeddable":true,"href":"https:\/\/www.egemtv.com\/index.php?rest_route=\/wp\/v2\/media\/62554"}],"wp:attachment":[{"href":"https:\/\/www.egemtv.com\/index.php?rest_route=%2Fwp%2Fv2%2Fmedia&parent=62553"}],"wp:term":[{"taxonomy":"category","embeddable":true,"href":"https:\/\/www.egemtv.com\/index.php?rest_route=%2Fwp%2Fv2%2Fcategories&post=62553"},{"taxonomy":"post_tag","embeddable":true,"href":"https:\/\/www.egemtv.com\/index.php?rest_route=%2Fwp%2Fv2%2Ftags&post=62553"}],"curies":[{"name":"wp","href":"https:\/\/api.w.org\/{rel}","templated":true}]}}