{"id":62550,"date":"2025-10-20T12:15:33","date_gmt":"2025-10-20T09:15:33","guid":{"rendered":"https:\/\/www.egemtv.com\/?p=62550"},"modified":"2025-10-20T12:15:34","modified_gmt":"2025-10-20T09:15:34","slug":"kizilcakoyde-5-yoruk-toyu-yapilacak","status":"publish","type":"post","link":"https:\/\/www.egemtv.com\/?p=62550","title":{"rendered":"K\u0131z\u0131lcak\u00f6y\u2019de 5. Y\u00f6r\u00fck Toyu yap\u0131lacak"},"content":{"rendered":"<p>Ayd\u0131n\u2019\u0131n Efeler il\u00e7esine ba\u011fl\u0131 K\u0131z\u0131lcak\u00f6y Mahallesi, 15 \u015eubat 2026 tarihinde bir kez daha Y\u00f6r\u00fck k\u00fclt\u00fcr\u00fcne ev sahipli\u011fi yapacak. K\u0131z\u0131lcak\u00f6y Efeler ve Y\u00f6r\u00fckler Derne\u011fi Ba\u015fkan\u0131 Veysel Erdemli \u00f6nc\u00fcl\u00fc\u011f\u00fcnde d\u00fczenlenecek olan 5. Y\u00f6r\u00fck Toyu ve \u015eenli\u011fi i\u00e7in haz\u0131rl\u0131klar \u015fimdiden ba\u015flad\u0131.<\/p>\n<p>Y\u00f6r\u00fck k\u00fclt\u00fcr\u00fcn\u00fc ya\u015fatmak ve T\u00fcrkiye\u2019nin d\u00f6rt bir yan\u0131ndan gelen Y\u00f6r\u00fck derneklerini bir araya getirmek amac\u0131yla d\u00fczenlenen \u015fenlik, bu y\u0131l da y\u00fczlerce konu\u011fu a\u011f\u0131rlamaya haz\u0131rlan\u0131yor. Ba\u015fkan Veysel Erdemli, yakla\u015fan etkinlik i\u00e7in Ayd\u0131n\u2019daki Y\u00f6r\u00fck dernek ba\u015fkanlar\u0131yla bir araya geldi. Birlik ve beraberlik vurgusuyla d\u00fczenlenen ak\u015fam yeme\u011finde, ba\u015fkanlardan maddi de\u011fil, manevi destek istedi.<\/p>\n<p>Erdemli, yemekte yapt\u0131\u011f\u0131 konu\u015fmada \u015funlar\u0131 s\u00f6yledi:<br \/>\n<br \/>&#8220;Ayd\u0131n\u2019da 20 Y\u00f6r\u00fck derne\u011fi var ama bir araya gelmekte zorlan\u0131yoruz. \u00c7ay ve yemek bahanesiyle bug\u00fcn bir araya geldik. Toyu tek ba\u015f\u0131ma yap\u0131yorum ve bu s\u00fcre\u00e7te \u00e7ok zorlan\u0131yoruz. En az\u0131ndan gelen misafirlere rehberlik edecek, oturacak yer g\u00f6sterecek birka\u00e7 dostumuz olsun istedim. Maddi bir destek istemiyorum, sadece mahcup olmak istemiyorum&#8221;<\/p>\n<p>Yeme\u011fe kat\u0131lan dernek ba\u015fkanlar\u0131 da, gelen misafirlerin kar\u015f\u0131lanmas\u0131 ve a\u011f\u0131rlanmas\u0131 konusunda destek vereceklerini belirtti. Her y\u0131l geleneksel olarak d\u00fczenlenen Y\u00f6r\u00fck Toyu ve \u015eenli\u011fi, halk oyunlar\u0131, geleneksel k\u0131yafetler ve k\u00fclt\u00fcrel sunumlarla Y\u00f6r\u00fck k\u00fclt\u00fcr\u00fcn\u00fc gelecek nesillere aktarma hedefi ta\u015f\u0131yor.<br \/>\n<br \/>Ba\u015fkan Erdemli, 15 \u015eubat 2026\u2019da ger\u00e7ekle\u015ftirilecek olan \u015fenli\u011fe t\u00fcm vatanda\u015flar\u0131 davet etti.<br \/><\/p>\n","protected":false},"excerpt":{"rendered":"<p>Ayd\u0131n\u2019\u0131n Efeler il\u00e7esine ba\u011fl\u0131 K\u0131z\u0131lcak\u00f6y Mahallesi, 15 \u015eubat 2026 tarihinde bir kez daha Y\u00f6r\u00fck k\u00fclt\u00fcr\u00fcne ev sahipli\u011fi yapacak. K\u0131z\u0131lcak\u00f6y Efeler ve Y\u00f6r\u00fckler Derne\u011fi Ba\u015fkan\u0131 Veysel Erdemli \u00f6nc\u00fcl\u00fc\u011f\u00fcnde d\u00fczenlenecek olan 5. Y\u00f6r\u00fck Toyu ve \u015eenli\u011fi i\u00e7in haz\u0131rl\u0131klar \u015fimdiden ba\u015flad\u0131. Y\u00f6r\u00fck k\u00fclt\u00fcr\u00fcn\u00fc ya\u015fatmak ve T\u00fcrkiye\u2019nin d\u00f6rt bir yan\u0131ndan gelen Y\u00f6r\u00fck derneklerini bir araya getirmek amac\u0131yla d\u00fczenlenen \u015fenlik,&#8230;<\/p>\n","protected":false},"author":1,"featured_media":62551,"comment_status":"open","ping_status":"open","sticky":false,"template":"","format":"standard","meta":{"_crdt_document":"","footnotes":""},"categories":[1],"tags":[],"class_list":["post-62550","post","type-post","status-publish","format-standard","has-post-thumbnail","hentry","category-guncel"],"_links":{"self":[{"href":"https:\/\/www.egemtv.com\/index.php?rest_route=\/wp\/v2\/posts\/62550","targetHints":{"allow":["GET"]}}],"collection":[{"href":"https:\/\/www.egemtv.com\/index.php?rest_route=\/wp\/v2\/posts"}],"about":[{"href":"https:\/\/www.egemtv.com\/index.php?rest_route=\/wp\/v2\/types\/post"}],"author":[{"embeddable":true,"href":"https:\/\/www.egemtv.com\/index.php?rest_route=\/wp\/v2\/users\/1"}],"replies":[{"embeddable":true,"href":"https:\/\/www.egemtv.com\/index.php?rest_route=%2Fwp%2Fv2%2Fcomments&post=62550"}],"version-history":[{"count":1,"href":"https:\/\/www.egemtv.com\/index.php?rest_route=\/wp\/v2\/posts\/62550\/revisions"}],"predecessor-version":[{"id":62552,"href":"https:\/\/www.egemtv.com\/index.php?rest_route=\/wp\/v2\/posts\/62550\/revisions\/62552"}],"wp:featuredmedia":[{"embeddable":true,"href":"https:\/\/www.egemtv.com\/index.php?rest_route=\/wp\/v2\/media\/62551"}],"wp:attachment":[{"href":"https:\/\/www.egemtv.com\/index.php?rest_route=%2Fwp%2Fv2%2Fmedia&parent=62550"}],"wp:term":[{"taxonomy":"category","embeddable":true,"href":"https:\/\/www.egemtv.com\/index.php?rest_route=%2Fwp%2Fv2%2Fcategories&post=62550"},{"taxonomy":"post_tag","embeddable":true,"href":"https:\/\/www.egemtv.com\/index.php?rest_route=%2Fwp%2Fv2%2Ftags&post=62550"}],"curies":[{"name":"wp","href":"https:\/\/api.w.org\/{rel}","templated":true}]}}