{"id":62547,"date":"2025-10-20T12:15:31","date_gmt":"2025-10-20T09:15:31","guid":{"rendered":"https:\/\/www.egemtv.com\/?p=62547"},"modified":"2025-10-20T12:15:33","modified_gmt":"2025-10-20T09:15:33","slug":"suhutta-kestane-hasadi-basladi","status":"publish","type":"post","link":"https:\/\/www.egemtv.com\/?p=62547","title":{"rendered":"\u015euhut\u2019ta kestane hasad\u0131 ba\u015flad\u0131"},"content":{"rendered":"<p>Afyonkarahisar\u2019\u0131n \u015euhut il\u00e7esine ba\u011fl\u0131 Tekkek K\u00f6y\u00fc\u2019nde sonbahar\u0131n gelmesiyle birlikte kestane hasad\u0131 ba\u015flad\u0131.<br \/>\n<br \/>B\u00f6lge halk\u0131, sabah\u0131n erken saatlerinden itibaren tarlalara \u00e7\u0131karak y\u0131l\u0131n ilk mahsullerini toplamaya ba\u015flad\u0131. K\u00f6yl\u00fcler taraf\u0131ndan b\u00fcy\u00fck bir emekle yeti\u015ftirilen kestaneler, bu y\u0131l verim a\u00e7\u0131s\u0131ndan y\u00fczleri g\u00fcld\u00fcrd\u00fc. Tekkek K\u00f6y\u00fc\u2019nde her y\u0131l geleneksel hale gelen kestane hasad\u0131, hem \u00fcreticilere ekonomik kazan\u00e7 sa\u011fl\u0131yor hem de k\u00f6y\u00fcn sosyal ya\u015fam\u0131na hareketlilik kat\u0131yor.<br \/>\n<br \/>\u00dcreticiler, bu y\u0131l hava \u015fartlar\u0131n\u0131n elveri\u015fli olmas\u0131n\u0131n verimi art\u0131rd\u0131\u011f\u0131n\u0131 belirterek, kestane sezonunun bereketli ge\u00e7ti\u011fini ifade etti. Hasat edilen kestaneler, hem yerel pazarlarda hem de \u00e7evre il ve il\u00e7elerde sat\u0131\u015fa sunulacak.<br \/><\/p>\n","protected":false},"excerpt":{"rendered":"<p>Afyonkarahisar\u2019\u0131n \u015euhut il\u00e7esine ba\u011fl\u0131 Tekkek K\u00f6y\u00fc\u2019nde sonbahar\u0131n gelmesiyle birlikte kestane hasad\u0131 ba\u015flad\u0131. B\u00f6lge halk\u0131, sabah\u0131n erken saatlerinden itibaren tarlalara \u00e7\u0131karak y\u0131l\u0131n ilk mahsullerini toplamaya ba\u015flad\u0131. K\u00f6yl\u00fcler taraf\u0131ndan b\u00fcy\u00fck bir emekle yeti\u015ftirilen kestaneler, bu y\u0131l verim a\u00e7\u0131s\u0131ndan y\u00fczleri g\u00fcld\u00fcrd\u00fc. Tekkek K\u00f6y\u00fc\u2019nde her y\u0131l geleneksel hale gelen kestane hasad\u0131, hem \u00fcreticilere ekonomik kazan\u00e7 sa\u011fl\u0131yor hem de k\u00f6y\u00fcn&#8230;<\/p>\n","protected":false},"author":1,"featured_media":62548,"comment_status":"open","ping_status":"open","sticky":false,"template":"","format":"standard","meta":{"_crdt_document":"","footnotes":""},"categories":[1],"tags":[],"class_list":["post-62547","post","type-post","status-publish","format-standard","has-post-thumbnail","hentry","category-guncel"],"_links":{"self":[{"href":"https:\/\/www.egemtv.com\/index.php?rest_route=\/wp\/v2\/posts\/62547","targetHints":{"allow":["GET"]}}],"collection":[{"href":"https:\/\/www.egemtv.com\/index.php?rest_route=\/wp\/v2\/posts"}],"about":[{"href":"https:\/\/www.egemtv.com\/index.php?rest_route=\/wp\/v2\/types\/post"}],"author":[{"embeddable":true,"href":"https:\/\/www.egemtv.com\/index.php?rest_route=\/wp\/v2\/users\/1"}],"replies":[{"embeddable":true,"href":"https:\/\/www.egemtv.com\/index.php?rest_route=%2Fwp%2Fv2%2Fcomments&post=62547"}],"version-history":[{"count":1,"href":"https:\/\/www.egemtv.com\/index.php?rest_route=\/wp\/v2\/posts\/62547\/revisions"}],"predecessor-version":[{"id":62549,"href":"https:\/\/www.egemtv.com\/index.php?rest_route=\/wp\/v2\/posts\/62547\/revisions\/62549"}],"wp:featuredmedia":[{"embeddable":true,"href":"https:\/\/www.egemtv.com\/index.php?rest_route=\/wp\/v2\/media\/62548"}],"wp:attachment":[{"href":"https:\/\/www.egemtv.com\/index.php?rest_route=%2Fwp%2Fv2%2Fmedia&parent=62547"}],"wp:term":[{"taxonomy":"category","embeddable":true,"href":"https:\/\/www.egemtv.com\/index.php?rest_route=%2Fwp%2Fv2%2Fcategories&post=62547"},{"taxonomy":"post_tag","embeddable":true,"href":"https:\/\/www.egemtv.com\/index.php?rest_route=%2Fwp%2Fv2%2Ftags&post=62547"}],"curies":[{"name":"wp","href":"https:\/\/api.w.org\/{rel}","templated":true}]}}