{"id":62544,"date":"2025-10-20T11:55:09","date_gmt":"2025-10-20T08:55:09","guid":{"rendered":"https:\/\/www.egemtv.com\/?p=62544"},"modified":"2025-10-20T11:55:10","modified_gmt":"2025-10-20T08:55:10","slug":"burdurda-traktor-devrildi-1-olu","status":"publish","type":"post","link":"https:\/\/www.egemtv.com\/?p=62544","title":{"rendered":"Burdur\u2019da trakt\u00f6r devrildi: 1 \u00f6l\u00fc"},"content":{"rendered":"<p>Burdur\u2019un \u00c7eltik\u00e7i il\u00e7esinde direksiyon hakimiyetini kaybetmesi sonucu devrilen trakt\u00f6r\u00fcn alt\u0131nda kalan s\u00fcr\u00fcc\u00fc, hayat\u0131n\u0131 kaybetti.<br \/>\n<br \/>Olay, saat 10.00 s\u0131ralar\u0131nda \u00c7eltik\u00e7i il\u00e7esine ba\u011fl\u0131 Kuzk\u00f6y k\u00f6y\u00fcnde meydana geldi. Edinilen bilgiye g\u00f6re, Mehmet Yarar idaresindeki trakt\u00f6r, seyir halindeyken s\u00fcr\u00fcc\u00fcs\u00fcn\u00fcn direksiyon hakimiyetini kaybetmesi sonucu devrildi. S\u00fcr\u00fcc\u00fc Yarar, trakt\u00f6r\u00fcn alt\u0131nda kalarak hayat\u0131n\u0131 kaybetti. \u00c7evredeki vatanda\u015flar\u0131n ihbar\u0131 \u00fczerine adrese itfaiye, sa\u011fl\u0131k ve jandarma ekipleri sevk edildi. Ekipler taraf\u0131ndan yap\u0131lan incelemenin ard\u0131ndan Mehmet Yarar\u2019\u0131n cans\u0131z bedeni morga kald\u0131r\u0131ld\u0131.<br \/>\n<br \/>Olayla ilgili tahkikat ba\u015flat\u0131ld\u0131.<br \/><\/p>\n","protected":false},"excerpt":{"rendered":"<p>Burdur\u2019un \u00c7eltik\u00e7i il\u00e7esinde direksiyon hakimiyetini kaybetmesi sonucu devrilen trakt\u00f6r\u00fcn alt\u0131nda kalan s\u00fcr\u00fcc\u00fc, hayat\u0131n\u0131 kaybetti. Olay, saat 10.00 s\u0131ralar\u0131nda \u00c7eltik\u00e7i il\u00e7esine ba\u011fl\u0131 Kuzk\u00f6y k\u00f6y\u00fcnde meydana geldi. Edinilen bilgiye g\u00f6re, Mehmet Yarar idaresindeki trakt\u00f6r, seyir halindeyken s\u00fcr\u00fcc\u00fcs\u00fcn\u00fcn direksiyon hakimiyetini kaybetmesi sonucu devrildi. S\u00fcr\u00fcc\u00fc Yarar, trakt\u00f6r\u00fcn alt\u0131nda kalarak hayat\u0131n\u0131 kaybetti. \u00c7evredeki vatanda\u015flar\u0131n ihbar\u0131 \u00fczerine adrese itfaiye, sa\u011fl\u0131k ve&#8230;<\/p>\n","protected":false},"author":1,"featured_media":62545,"comment_status":"open","ping_status":"open","sticky":false,"template":"","format":"standard","meta":{"_crdt_document":"","footnotes":""},"categories":[5],"tags":[],"class_list":["post-62544","post","type-post","status-publish","format-standard","has-post-thumbnail","hentry","category-asayis"],"_links":{"self":[{"href":"https:\/\/www.egemtv.com\/index.php?rest_route=\/wp\/v2\/posts\/62544","targetHints":{"allow":["GET"]}}],"collection":[{"href":"https:\/\/www.egemtv.com\/index.php?rest_route=\/wp\/v2\/posts"}],"about":[{"href":"https:\/\/www.egemtv.com\/index.php?rest_route=\/wp\/v2\/types\/post"}],"author":[{"embeddable":true,"href":"https:\/\/www.egemtv.com\/index.php?rest_route=\/wp\/v2\/users\/1"}],"replies":[{"embeddable":true,"href":"https:\/\/www.egemtv.com\/index.php?rest_route=%2Fwp%2Fv2%2Fcomments&post=62544"}],"version-history":[{"count":1,"href":"https:\/\/www.egemtv.com\/index.php?rest_route=\/wp\/v2\/posts\/62544\/revisions"}],"predecessor-version":[{"id":62546,"href":"https:\/\/www.egemtv.com\/index.php?rest_route=\/wp\/v2\/posts\/62544\/revisions\/62546"}],"wp:featuredmedia":[{"embeddable":true,"href":"https:\/\/www.egemtv.com\/index.php?rest_route=\/wp\/v2\/media\/62545"}],"wp:attachment":[{"href":"https:\/\/www.egemtv.com\/index.php?rest_route=%2Fwp%2Fv2%2Fmedia&parent=62544"}],"wp:term":[{"taxonomy":"category","embeddable":true,"href":"https:\/\/www.egemtv.com\/index.php?rest_route=%2Fwp%2Fv2%2Fcategories&post=62544"},{"taxonomy":"post_tag","embeddable":true,"href":"https:\/\/www.egemtv.com\/index.php?rest_route=%2Fwp%2Fv2%2Ftags&post=62544"}],"curies":[{"name":"wp","href":"https:\/\/api.w.org\/{rel}","templated":true}]}}