{"id":62535,"date":"2025-10-20T11:55:05","date_gmt":"2025-10-20T08:55:05","guid":{"rendered":"https:\/\/www.egemtv.com\/?p=62535"},"modified":"2025-10-20T11:55:06","modified_gmt":"2025-10-20T08:55:06","slug":"muglada-yagisli-hava-4-gun-etkili-olacak","status":"publish","type":"post","link":"https:\/\/www.egemtv.com\/?p=62535","title":{"rendered":"Mu\u011fla\u2019da ya\u011f\u0131\u015fl\u0131 hava 4 g\u00fcn etkili olacak"},"content":{"rendered":"<p>Meteoroloji kaynaklar\u0131na g\u00f6re Mu\u011fla ve \u00e7evresinin Sal\u0131, \u00c7ar\u015famba, Per\u015fembe ve Cuma g\u00fcnleri ya\u011f\u0131\u015fl\u0131 ge\u00e7ece\u011fi bildirildi.<\/p>\n<p>B\u00f6lge genelinde d\u00f6rt g\u00fcn s\u00fcrmesi beklenen ya\u011f\u0131\u015fl\u0131 sistem, \u00f6zellikle Sal\u0131 g\u00fcn\u00fcnden itibaren etkisini g\u00f6stermeye ba\u015flayacak. Yap\u0131lan tahminlere g\u00f6re: Sal\u0131 g\u00fcn\u00fc hafif veya yer yer sa\u011fanak ya\u011f\u0131\u015f beklenirken, \u00c7ar\u015famba ve Per\u015fembe g\u00fcnleri de sa\u011fanak ya\u011f\u0131\u015flar\u0131n etkili olaca\u011f\u0131 \u00f6ng\u00f6r\u00fcl\u00fcyor. Cuma g\u00fcn\u00fc ise ya\u011f\u0131\u015f\u0131n devam etmesi bekleniyor.<\/p>\n<p>S\u0131cakl\u0131klar\u0131n ise bu d\u00f6nemde mevsim normallerinde seyretmesi, en y\u00fcksek g\u00fcnd\u00fcz s\u0131cakl\u0131klar\u0131n\u0131n 18-20 derece civar\u0131nda, en d\u00fc\u015f\u00fck gece s\u0131cakl\u0131klar\u0131n\u0131n ise 12-13 derece aral\u0131\u011f\u0131nda olmas\u0131 bekleniyor.<br \/><\/p>\n","protected":false},"excerpt":{"rendered":"<p>Meteoroloji kaynaklar\u0131na g\u00f6re Mu\u011fla ve \u00e7evresinin Sal\u0131, \u00c7ar\u015famba, Per\u015fembe ve Cuma g\u00fcnleri ya\u011f\u0131\u015fl\u0131 ge\u00e7ece\u011fi bildirildi. B\u00f6lge genelinde d\u00f6rt g\u00fcn s\u00fcrmesi beklenen ya\u011f\u0131\u015fl\u0131 sistem, \u00f6zellikle Sal\u0131 g\u00fcn\u00fcnden itibaren etkisini g\u00f6stermeye ba\u015flayacak. Yap\u0131lan tahminlere g\u00f6re: Sal\u0131 g\u00fcn\u00fc hafif veya yer yer sa\u011fanak ya\u011f\u0131\u015f beklenirken, \u00c7ar\u015famba ve Per\u015fembe g\u00fcnleri de sa\u011fanak ya\u011f\u0131\u015flar\u0131n etkili olaca\u011f\u0131 \u00f6ng\u00f6r\u00fcl\u00fcyor. Cuma g\u00fcn\u00fc ise&#8230;<\/p>\n","protected":false},"author":1,"featured_media":62536,"comment_status":"open","ping_status":"open","sticky":false,"template":"","format":"standard","meta":{"_crdt_document":"","footnotes":""},"categories":[1],"tags":[],"class_list":["post-62535","post","type-post","status-publish","format-standard","has-post-thumbnail","hentry","category-guncel"],"_links":{"self":[{"href":"https:\/\/www.egemtv.com\/index.php?rest_route=\/wp\/v2\/posts\/62535","targetHints":{"allow":["GET"]}}],"collection":[{"href":"https:\/\/www.egemtv.com\/index.php?rest_route=\/wp\/v2\/posts"}],"about":[{"href":"https:\/\/www.egemtv.com\/index.php?rest_route=\/wp\/v2\/types\/post"}],"author":[{"embeddable":true,"href":"https:\/\/www.egemtv.com\/index.php?rest_route=\/wp\/v2\/users\/1"}],"replies":[{"embeddable":true,"href":"https:\/\/www.egemtv.com\/index.php?rest_route=%2Fwp%2Fv2%2Fcomments&post=62535"}],"version-history":[{"count":1,"href":"https:\/\/www.egemtv.com\/index.php?rest_route=\/wp\/v2\/posts\/62535\/revisions"}],"predecessor-version":[{"id":62537,"href":"https:\/\/www.egemtv.com\/index.php?rest_route=\/wp\/v2\/posts\/62535\/revisions\/62537"}],"wp:featuredmedia":[{"embeddable":true,"href":"https:\/\/www.egemtv.com\/index.php?rest_route=\/wp\/v2\/media\/62536"}],"wp:attachment":[{"href":"https:\/\/www.egemtv.com\/index.php?rest_route=%2Fwp%2Fv2%2Fmedia&parent=62535"}],"wp:term":[{"taxonomy":"category","embeddable":true,"href":"https:\/\/www.egemtv.com\/index.php?rest_route=%2Fwp%2Fv2%2Fcategories&post=62535"},{"taxonomy":"post_tag","embeddable":true,"href":"https:\/\/www.egemtv.com\/index.php?rest_route=%2Fwp%2Fv2%2Ftags&post=62535"}],"curies":[{"name":"wp","href":"https:\/\/api.w.org\/{rel}","templated":true}]}}