{"id":62529,"date":"2025-10-20T11:34:56","date_gmt":"2025-10-20T08:34:56","guid":{"rendered":"https:\/\/www.egemtv.com\/?p=62529"},"modified":"2025-10-20T11:34:56","modified_gmt":"2025-10-20T08:34:56","slug":"tugva-kutahya-il-temsilciligi-gorevine-mehmet-zeybek-secildi","status":"publish","type":"post","link":"https:\/\/www.egemtv.com\/?p=62529","title":{"rendered":"T\u00dcGVA K\u00fctahya \u0130l Temsilcili\u011fi g\u00f6revine Mehmet Zeybek se\u00e7ildi"},"content":{"rendered":"<p>T\u00fcrkiye Gen\u00e7lik Vakf\u0131 (T\u00dcGVA) K\u00fctahya \u0130l Temsilcili\u011fi g\u00f6revine Mehmet Zeybek se\u00e7ildi.<br \/>\n<br \/>G\u00f6revi devralan Zeybek, tek liste ile gidilen genel kurul sonras\u0131 yapt\u0131\u011f\u0131 a\u00e7\u0131klamada, &#8220;G\u00f6revi devral\u0131rken karde\u015fli\u011fimizi devretmiyoruz. Bu dava yolunda ter d\u00f6k\u00fcp sonra ayn\u0131 saf\u0131n \u00f6n\u00fcnde tak\u0131m elbiseyle durdu\u011fumuz, omuz omuza nice hizmete ko\u015ftu\u011fum, samimiyetiyle ve gayretiyle her zaman \u00f6rnek olan can karde\u015fim, yol arkada\u015f\u0131m, \u00f6nceki d\u00f6nem il temsilcimiz Said Furkan Co\u015fkun\u2019a g\u00f6n\u00fclden te\u015fekk\u00fcr ediyorum. Biz senden raz\u0131y\u0131z, Rabbim de senden raz\u0131 olsun&#8221; diye belirtti.<br \/>\n<br \/>Co\u015fkun, Zeybek\u2019e yeni g\u00f6revinde ba\u015far\u0131 dileklerinde bulundu.<br \/><\/p>\n","protected":false},"excerpt":{"rendered":"<p>T\u00fcrkiye Gen\u00e7lik Vakf\u0131 (T\u00dcGVA) K\u00fctahya \u0130l Temsilcili\u011fi g\u00f6revine Mehmet Zeybek se\u00e7ildi. G\u00f6revi devralan Zeybek, tek liste ile gidilen genel kurul sonras\u0131 yapt\u0131\u011f\u0131 a\u00e7\u0131klamada, &#8220;G\u00f6revi devral\u0131rken karde\u015fli\u011fimizi devretmiyoruz. Bu dava yolunda ter d\u00f6k\u00fcp sonra ayn\u0131 saf\u0131n \u00f6n\u00fcnde tak\u0131m elbiseyle durdu\u011fumuz, omuz omuza nice hizmete ko\u015ftu\u011fum, samimiyetiyle ve gayretiyle her zaman \u00f6rnek olan can karde\u015fim, yol arkada\u015f\u0131m,&#8230;<\/p>\n","protected":false},"author":1,"featured_media":62530,"comment_status":"open","ping_status":"open","sticky":false,"template":"","format":"standard","meta":{"_crdt_document":"","footnotes":""},"categories":[123],"tags":[],"class_list":["post-62529","post","type-post","status-publish","format-standard","has-post-thumbnail","hentry","category-gundem"],"_links":{"self":[{"href":"https:\/\/www.egemtv.com\/index.php?rest_route=\/wp\/v2\/posts\/62529","targetHints":{"allow":["GET"]}}],"collection":[{"href":"https:\/\/www.egemtv.com\/index.php?rest_route=\/wp\/v2\/posts"}],"about":[{"href":"https:\/\/www.egemtv.com\/index.php?rest_route=\/wp\/v2\/types\/post"}],"author":[{"embeddable":true,"href":"https:\/\/www.egemtv.com\/index.php?rest_route=\/wp\/v2\/users\/1"}],"replies":[{"embeddable":true,"href":"https:\/\/www.egemtv.com\/index.php?rest_route=%2Fwp%2Fv2%2Fcomments&post=62529"}],"version-history":[{"count":1,"href":"https:\/\/www.egemtv.com\/index.php?rest_route=\/wp\/v2\/posts\/62529\/revisions"}],"predecessor-version":[{"id":62531,"href":"https:\/\/www.egemtv.com\/index.php?rest_route=\/wp\/v2\/posts\/62529\/revisions\/62531"}],"wp:featuredmedia":[{"embeddable":true,"href":"https:\/\/www.egemtv.com\/index.php?rest_route=\/wp\/v2\/media\/62530"}],"wp:attachment":[{"href":"https:\/\/www.egemtv.com\/index.php?rest_route=%2Fwp%2Fv2%2Fmedia&parent=62529"}],"wp:term":[{"taxonomy":"category","embeddable":true,"href":"https:\/\/www.egemtv.com\/index.php?rest_route=%2Fwp%2Fv2%2Fcategories&post=62529"},{"taxonomy":"post_tag","embeddable":true,"href":"https:\/\/www.egemtv.com\/index.php?rest_route=%2Fwp%2Fv2%2Ftags&post=62529"}],"curies":[{"name":"wp","href":"https:\/\/api.w.org\/{rel}","templated":true}]}}