{"id":62526,"date":"2025-10-20T11:34:54","date_gmt":"2025-10-20T08:34:54","guid":{"rendered":"https:\/\/www.egemtv.com\/?p=62526"},"modified":"2025-10-20T11:34:55","modified_gmt":"2025-10-20T08:34:55","slug":"icisleri-bakan-yardimcisi-aktas-muglada-vali-akbiyik-ile-gorustu","status":"publish","type":"post","link":"https:\/\/www.egemtv.com\/?p=62526","title":{"rendered":"\u0130\u00e7i\u015fleri Bakan Yard\u0131mc\u0131s\u0131 Akta\u015f, Mu\u011fla\u2019da Vali Akb\u0131y\u0131k ile g\u00f6r\u00fc\u015ft\u00fc"},"content":{"rendered":"<p>Bir dizi inceleme ve resmi ziyaretlerde bulunmak \u00fczere Mu\u011fla\u2019ya gelen \u0130\u00e7i\u015fleri Bakan Yard\u0131mc\u0131s\u0131 Mehmet Akta\u015f, Mu\u011fla Valisi Dr. \u0130dris Akb\u0131y\u0131k\u2019\u0131 makam\u0131nda ziyaret etti.<\/p>\n<p>Valilik binas\u0131na gelen Bakan Yard\u0131mc\u0131s\u0131 Akta\u015f\u2019\u0131, Vali Dr. \u0130dris Akb\u0131y\u0131k kap\u0131da kar\u015f\u0131lad\u0131. Ger\u00e7ekle\u015fen bu resmi ziyarette, Bakan Yard\u0131mc\u0131s\u0131 Akta\u015f ve Vali Akb\u0131y\u0131k, Mu\u011fla\u2019daki genel durum, g\u00fcvenlik, kamu hizmetleri ve planlanan projeler hakk\u0131nda g\u00f6r\u00fc\u015f al\u0131\u015fveri\u015finde bulundu.<\/p>\n<p>Ziyaretin ard\u0131ndan \u0130\u00e7i\u015fleri Bakan Yard\u0131mc\u0131s\u0131 Akta\u015f, Mu\u011fla\u2019daki program\u0131 kapsam\u0131nda di\u011fer inceleme ve temaslar\u0131na devam etti.<br \/><\/p>\n","protected":false},"excerpt":{"rendered":"<p>Bir dizi inceleme ve resmi ziyaretlerde bulunmak \u00fczere Mu\u011fla\u2019ya gelen \u0130\u00e7i\u015fleri Bakan Yard\u0131mc\u0131s\u0131 Mehmet Akta\u015f, Mu\u011fla Valisi Dr. \u0130dris Akb\u0131y\u0131k\u2019\u0131 makam\u0131nda ziyaret etti. Valilik binas\u0131na gelen Bakan Yard\u0131mc\u0131s\u0131 Akta\u015f\u2019\u0131, Vali Dr. \u0130dris Akb\u0131y\u0131k kap\u0131da kar\u015f\u0131lad\u0131. Ger\u00e7ekle\u015fen bu resmi ziyarette, Bakan Yard\u0131mc\u0131s\u0131 Akta\u015f ve Vali Akb\u0131y\u0131k, Mu\u011fla\u2019daki genel durum, g\u00fcvenlik, kamu hizmetleri ve planlanan projeler hakk\u0131nda&#8230;<\/p>\n","protected":false},"author":1,"featured_media":62527,"comment_status":"open","ping_status":"open","sticky":false,"template":"","format":"standard","meta":{"_crdt_document":"","footnotes":""},"categories":[1],"tags":[],"class_list":["post-62526","post","type-post","status-publish","format-standard","has-post-thumbnail","hentry","category-guncel"],"_links":{"self":[{"href":"https:\/\/www.egemtv.com\/index.php?rest_route=\/wp\/v2\/posts\/62526","targetHints":{"allow":["GET"]}}],"collection":[{"href":"https:\/\/www.egemtv.com\/index.php?rest_route=\/wp\/v2\/posts"}],"about":[{"href":"https:\/\/www.egemtv.com\/index.php?rest_route=\/wp\/v2\/types\/post"}],"author":[{"embeddable":true,"href":"https:\/\/www.egemtv.com\/index.php?rest_route=\/wp\/v2\/users\/1"}],"replies":[{"embeddable":true,"href":"https:\/\/www.egemtv.com\/index.php?rest_route=%2Fwp%2Fv2%2Fcomments&post=62526"}],"version-history":[{"count":1,"href":"https:\/\/www.egemtv.com\/index.php?rest_route=\/wp\/v2\/posts\/62526\/revisions"}],"predecessor-version":[{"id":62528,"href":"https:\/\/www.egemtv.com\/index.php?rest_route=\/wp\/v2\/posts\/62526\/revisions\/62528"}],"wp:featuredmedia":[{"embeddable":true,"href":"https:\/\/www.egemtv.com\/index.php?rest_route=\/wp\/v2\/media\/62527"}],"wp:attachment":[{"href":"https:\/\/www.egemtv.com\/index.php?rest_route=%2Fwp%2Fv2%2Fmedia&parent=62526"}],"wp:term":[{"taxonomy":"category","embeddable":true,"href":"https:\/\/www.egemtv.com\/index.php?rest_route=%2Fwp%2Fv2%2Fcategories&post=62526"},{"taxonomy":"post_tag","embeddable":true,"href":"https:\/\/www.egemtv.com\/index.php?rest_route=%2Fwp%2Fv2%2Ftags&post=62526"}],"curies":[{"name":"wp","href":"https:\/\/api.w.org\/{rel}","templated":true}]}}